{"id":829,"date":"2021-03-21T07:20:37","date_gmt":"2021-03-21T07:20:37","guid":{"rendered":"https:\/\/aktion-eichhoernchen.de\/wp_aktion\/?p=829"},"modified":"2021-03-21T11:06:01","modified_gmt":"2021-03-21T11:06:01","slug":"21-03-2021","status":"publish","type":"post","link":"https:\/\/aktion-eichhoernchen.de\/wp_aktion\/?p=829","title":{"rendered":"21.03.2021"},"content":{"rendered":"\n<p>Fallen H\u00f6rnchen nur am Samstag aus dem Kobel? Zuerst ein Anruf aus dem Sauerland, ein Eichkater, ca. 5 Wochen alt, sprang seinem Finder an das Hosenbein. Dann ein adultes H\u00f6rnchen von der Feuerwehr B\u00f6nen bekommen &#8211; Achillessehne gerissen, vom Tierarzt eingeschl\u00e4fert; dann mitten im Wildschweinrevier im Wildwald Vosswinkel schellt das Telefon, ein Bekannter hat einen kleinen Eichkater gefunden, der kl\u00e4glich nach seiner Mutter rief. Wegen streunender Katzen hat er den Kleinen gesichert und uns angerufen. Damit hat sich unser H\u00f6rnchenbestand verdoppelt, wir haben jetzt drei Eichkater und eine Eichkatze, den einen Neuzugang aus dem Sauerland haben wir Luigi getauft, so langsam wirds schwer, noch Namen mit den Anfangsbuchstaben &#8222;Lui&#8220; zu finden.<\/p>\n\n\n\n<p>Luigi ist typisch Eichkater und gar nicht zufrieden mit seiner Lage, er meckert lautstark und versucht immer, sich dem Zugriff zu entziehen. Trotzdem nimmt er Elektrolyte, er hat sogar richtig Durst, und am fr\u00fchen Abend, Stunden nach seiner Ankunft hier, schlabbert er auch den ersten Milliliter Fox Valley, Spritze und Sauger (Miracle Nipple) sind kein Problem. Luigi schl\u00e4ft heute Nacht allein in der gro\u00dfen Transportbox, wir wollen erst einmal die ersten K\u00f6ttel abwarten. Urin ist o.K., nicht allzu viel (er hatte ja auch lange keine Fl\u00fcssigkeit), aber klar und fast geruchlos.<\/p>\n\n\n\n<figure class=\"wp-block-gallery columns-2 is-cropped wp-block-gallery-2 is-layout-flex wp-block-gallery-is-layout-flex\"><ul class=\"blocks-gallery-grid\"><li class=\"blocks-gallery-item\"><figure><a href=\"https:\/\/aktion-eichhoernchen.de\/wp_aktion\/wp-content\/uploads\/2021\/03\/LLLL_0091.jpg\"><img loading=\"lazy\" decoding=\"async\" width=\"800\" height=\"533\" src=\"https:\/\/aktion-eichhoernchen.de\/wp_aktion\/wp-content\/uploads\/2021\/03\/LLLL_0091.jpg\" alt=\"\" data-id=\"833\" data-full-url=\"https:\/\/aktion-eichhoernchen.de\/wp_aktion\/wp-content\/uploads\/2021\/03\/LLLL_0091.jpg\" data-link=\"https:\/\/aktion-eichhoernchen.de\/wp_aktion\/?attachment_id=833\" class=\"wp-image-833\" srcset=\"https:\/\/aktion-eichhoernchen.de\/wp_aktion\/wp-content\/uploads\/2021\/03\/LLLL_0091.jpg 800w, https:\/\/aktion-eichhoernchen.de\/wp_aktion\/wp-content\/uploads\/2021\/03\/LLLL_0091-300x200.jpg 300w, https:\/\/aktion-eichhoernchen.de\/wp_aktion\/wp-content\/uploads\/2021\/03\/LLLL_0091-768x512.jpg 768w, https:\/\/aktion-eichhoernchen.de\/wp_aktion\/wp-content\/uploads\/2021\/03\/LLLL_0091-750x499.jpg 750w, https:\/\/aktion-eichhoernchen.de\/wp_aktion\/wp-content\/uploads\/2021\/03\/LLLL_0091-360x240.jpg 360w\" sizes=\"auto, (max-width: 800px) 100vw, 800px\" \/><\/a><figcaption class=\"blocks-gallery-item__caption\">Luigi aus dem Sauerland<\/figcaption><\/figure><\/li><li class=\"blocks-gallery-item\"><figure><a href=\"https:\/\/aktion-eichhoernchen.de\/wp_aktion\/wp-content\/uploads\/2021\/03\/LLLL_0087.jpg\"><img loading=\"lazy\" decoding=\"async\" width=\"800\" height=\"533\" src=\"https:\/\/aktion-eichhoernchen.de\/wp_aktion\/wp-content\/uploads\/2021\/03\/LLLL_0087.jpg\" alt=\"\" data-id=\"832\" data-full-url=\"https:\/\/aktion-eichhoernchen.de\/wp_aktion\/wp-content\/uploads\/2021\/03\/LLLL_0087.jpg\" data-link=\"https:\/\/aktion-eichhoernchen.de\/wp_aktion\/?attachment_id=832\" class=\"wp-image-832\" srcset=\"https:\/\/aktion-eichhoernchen.de\/wp_aktion\/wp-content\/uploads\/2021\/03\/LLLL_0087.jpg 800w, https:\/\/aktion-eichhoernchen.de\/wp_aktion\/wp-content\/uploads\/2021\/03\/LLLL_0087-300x200.jpg 300w, https:\/\/aktion-eichhoernchen.de\/wp_aktion\/wp-content\/uploads\/2021\/03\/LLLL_0087-768x512.jpg 768w, https:\/\/aktion-eichhoernchen.de\/wp_aktion\/wp-content\/uploads\/2021\/03\/LLLL_0087-750x499.jpg 750w, https:\/\/aktion-eichhoernchen.de\/wp_aktion\/wp-content\/uploads\/2021\/03\/LLLL_0087-360x240.jpg 360w\" sizes=\"auto, (max-width: 800px) 100vw, 800px\" \/><\/a><figcaption class=\"blocks-gallery-item__caption\">Luigi<\/figcaption><\/figure><\/li><\/ul><\/figure>\n\n\n\n<p>Der kleine noch Namenlose aus Unna ist sehr versch\u00fcchtert, er bleibt erst einmal in der Umh\u00e4ngetasche direkt immer bei einem von uns, die Tasche ist warm und er sp\u00fcrt Atem und Herzschlag. Elos hat er schon genommen, auch bei ihm sind Spritze und Sauger kein Problem, Milch gibts fr\u00fchestens zur Nachtf\u00fctterung oder morgen fr\u00fch. Wenn alles gut l\u00e4uft, lernen sich unsere vier G\u00e4ste morgen Vormittag kennen.<\/p>\n\n\n\n<p>Lui und Luisa verleben einen ruhigen Tag, F\u00fctterungen und Pipirituale laufen unspektakul\u00e4r, der erste Wochenfilm von den beiden ist fertig. Ein Video von ihrer ersten Woche gibts <a href=\"https:\/\/youtu.be\/Y0BRQtKdh1s\" target=\"_blank\" rel=\"noreferrer noopener\">hier<\/a>, knapp 3 Minuten in SD.<\/p>\n\n\n\n<p>Motte im Wildwald hat uns mit ganz vielen Videos begl\u00fcckt, wir hatten eine Wildkamera im Gehege aufgeh\u00e4ngt, um sie und auch ihre ungebetenen G\u00e4ste zu sehen, und sie war sehr aktiv und die Kamera hat uns 265 Sequenzen zu je 3 Minuten aufgenommen&#8230;uff. Einige werden wir in K\u00fcrze zusammenschneiden und hochladen.<\/p>\n\n\n\n<p>Kurzes update am Sonntagmorgen: nach der Fr\u00fchf\u00fctterung, die bei Luigi und Luisao (so haben wir den Neuzugang aus Unna getauft) nur mit viel Protest abging, gepinkelt haben sie aber beide ordentlich, lassen wir den Sauerl\u00e4nder im Badezimmer laufen, noch wollen wir ihn nicht mit den anderen zusammenbringen. Er ist motorisch viel weiter als Lui und Luisa, er springt vorwiegend, Weiten und H\u00f6hen von 30 cm sind gar kein Problem, sein Schwanz ist schon aufgef\u00e4chert, nur die Z\u00e4hne passen nicht so recht zum Gesamteindruck. Er ist st\u00e4ndig in Bewegung, kennt aber keine Scheu vor uns und h\u00fcpft immer von einem zum anderen und l\u00e4sst sich auch ber\u00fchren. Wir setzen ihn in den Laufstall, da kann er sich schon mal ein wenig bewegen, seine K\u00f6ttel aus der Nacht waren unverd\u00e4chtig, Milch nimmt er gern und viel, und er raspelt auch an gesch\u00e4lten Waln\u00fcssen herum. <\/p>\n\n\n\n<p>Luisao will noch nicht so recht trinken, er wirkt noch ziemlich ungl\u00fccklich mit seiner Lage, dem bieten wir jetzt \u00f6fters was an.<\/p>\n\n\n\n<p>Wir sind gespannt, was passiert, wenn die Wohnzimmer-WG aufeinander trifft, drei Eichkater und ein Eichk\u00e4tzchen.<\/p>\n","protected":false},"excerpt":{"rendered":"<p>Fallen H\u00f6rnchen nur am Samstag aus dem Kobel? Zuerst ein Anruf aus dem Sauerland, ein Eichkater, ca. 5 Wochen alt, sprang seinem Finder an das Hosenbein. Dann ein adultes H\u00f6rnchen <a class=\"more-link\" href=\"https:\/\/aktion-eichhoernchen.de\/wp_aktion\/?p=829\">Continue Reading &rarr;<\/a><\/p>\n","protected":false},"author":1,"featured_media":0,"comment_status":"closed","ping_status":"open","sticky":false,"template":"","format":"standard","meta":{"footnotes":""},"categories":[1],"tags":[12,7,16,17,18,21,20,22,14,10,19,15,11,9,8],"class_list":["post-829","post","type-post","status-publish","format-standard","hentry","category-uncategorized","tag-auswilderung","tag-eichhoernchen","tag-gehege","tag-hoernchen","tag-lui","tag-luigi","tag-luisa","tag-luisao","tag-motte","tag-natur","tag-notfall","tag-ratte","tag-rombergpark","tag-tierschutz","tag-wildwald"],"_links":{"self":[{"href":"https:\/\/aktion-eichhoernchen.de\/wp_aktion\/index.php?rest_route=\/wp\/v2\/posts\/829","targetHints":{"allow":["GET"]}}],"collection":[{"href":"https:\/\/aktion-eichhoernchen.de\/wp_aktion\/index.php?rest_route=\/wp\/v2\/posts"}],"about":[{"href":"https:\/\/aktion-eichhoernchen.de\/wp_aktion\/index.php?rest_route=\/wp\/v2\/types\/post"}],"author":[{"embeddable":true,"href":"https:\/\/aktion-eichhoernchen.de\/wp_aktion\/index.php?rest_route=\/wp\/v2\/users\/1"}],"replies":[{"embeddable":true,"href":"https:\/\/aktion-eichhoernchen.de\/wp_aktion\/index.php?rest_route=%2Fwp%2Fv2%2Fcomments&post=829"}],"version-history":[{"count":5,"href":"https:\/\/aktion-eichhoernchen.de\/wp_aktion\/index.php?rest_route=\/wp\/v2\/posts\/829\/revisions"}],"predecessor-version":[{"id":836,"href":"https:\/\/aktion-eichhoernchen.de\/wp_aktion\/index.php?rest_route=\/wp\/v2\/posts\/829\/revisions\/836"}],"wp:attachment":[{"href":"https:\/\/aktion-eichhoernchen.de\/wp_aktion\/index.php?rest_route=%2Fwp%2Fv2%2Fmedia&parent=829"}],"wp:term":[{"taxonomy":"category","embeddable":true,"href":"https:\/\/aktion-eichhoernchen.de\/wp_aktion\/index.php?rest_route=%2Fwp%2Fv2%2Fcategories&post=829"},{"taxonomy":"post_tag","embeddable":true,"href":"https:\/\/aktion-eichhoernchen.de\/wp_aktion\/index.php?rest_route=%2Fwp%2Fv2%2Ftags&post=829"}],"curies":[{"name":"wp","href":"https:\/\/api.w.org\/{rel}","templated":true}]}}