{"id":805,"date":"2021-03-18T07:24:07","date_gmt":"2021-03-18T07:24:07","guid":{"rendered":"https:\/\/aktion-eichhoernchen.de\/wp_aktion\/?p=805"},"modified":"2021-03-18T11:26:49","modified_gmt":"2021-03-18T11:26:49","slug":"18-03-2021","status":"publish","type":"post","link":"https:\/\/aktion-eichhoernchen.de\/wp_aktion\/?p=805","title":{"rendered":"18.03.2021"},"content":{"rendered":"\n<p>Luisa wiegt 112 g, Lui mittlerweile106 &#8211; erstaunlich, vermutlich wirkt Lui durch sein Winterfell so mollig, wir h\u00e4tten nie gedacht, dass die schlanke Luisa schwerer ist als er.<\/p>\n\n\n\n<p>Die beiden entwickeln sich rasant, Luisa legt mittlerweile ihre Scheu ab, sie &#8222;brummt&#8220; nicht mehr bei der F\u00fctterung und bleibt auch schon mal einige Minuten aktiv, sucht sich einen sicheren Platz zum spielen und sp\u00e4ter zum schlafen, und sie pinkelt wie eine Weltmeisterin, mit Animation oder auch selbst\u00e4ndig, wenn es sein muss. Wenn Lui sich ihr zu derb n\u00e4hert, zieht sie sich zur\u00fcck, sucht aber auch seine N\u00e4he, wenn er mal zuerst liegt.<\/p>\n\n\n\n<p>Lui verk\u00fcrzt seine Schlafzeit besonders am Vormittag deutlich, er springt und klettert, versucht sich an Sonnenblumenkernen mit Schale oder bearbeitet angeknackte Waln\u00fcsse. Menschliche N\u00e4he sucht er nicht mehr so zielstrebig wie noch in den ersten Tagen, und wenn er die Wahl hat, ob er lieber neben seinem Futterspender oder Luisa liegen soll, w\u00e4hlt er seine Artgenossin. So soll es sein, die beiden sind noch einige Wochen verbunden, haben die letzte Nacht in der gro\u00dfen Transportbox verbracht, hat problemlos geklappt, heute Morgen lagen sie eng umschlungen. Lui bleibt auch nicht mehr lange Couchh\u00f6rnchen, er \u00e4ugt auch schon mal, wie er von der Couch herunter auf den Boden kommt, so langsam m\u00fcssen wir weitere Umbauma\u00dfnahmen nachschieben.<\/p>\n\n\n\n<figure class=\"wp-block-gallery columns-2 is-cropped wp-block-gallery-2 is-layout-flex wp-block-gallery-is-layout-flex\"><ul class=\"blocks-gallery-grid\"><li class=\"blocks-gallery-item\"><figure><a href=\"https:\/\/aktion-eichhoernchen.de\/wp_aktion\/wp-content\/uploads\/2021\/03\/Lui_Luisa_0035.jpg\"><img loading=\"lazy\" decoding=\"async\" width=\"800\" height=\"533\" src=\"https:\/\/aktion-eichhoernchen.de\/wp_aktion\/wp-content\/uploads\/2021\/03\/Lui_Luisa_0035.jpg\" alt=\"\" data-id=\"808\" data-full-url=\"https:\/\/aktion-eichhoernchen.de\/wp_aktion\/wp-content\/uploads\/2021\/03\/Lui_Luisa_0035.jpg\" data-link=\"https:\/\/aktion-eichhoernchen.de\/wp_aktion\/?attachment_id=808\" class=\"wp-image-808\" srcset=\"https:\/\/aktion-eichhoernchen.de\/wp_aktion\/wp-content\/uploads\/2021\/03\/Lui_Luisa_0035.jpg 800w, https:\/\/aktion-eichhoernchen.de\/wp_aktion\/wp-content\/uploads\/2021\/03\/Lui_Luisa_0035-300x200.jpg 300w, https:\/\/aktion-eichhoernchen.de\/wp_aktion\/wp-content\/uploads\/2021\/03\/Lui_Luisa_0035-768x512.jpg 768w, https:\/\/aktion-eichhoernchen.de\/wp_aktion\/wp-content\/uploads\/2021\/03\/Lui_Luisa_0035-750x499.jpg 750w, https:\/\/aktion-eichhoernchen.de\/wp_aktion\/wp-content\/uploads\/2021\/03\/Lui_Luisa_0035-360x240.jpg 360w\" sizes=\"auto, (max-width: 800px) 100vw, 800px\" \/><\/a><figcaption class=\"blocks-gallery-item__caption\">Lui auf dem Tipi<\/figcaption><\/figure><\/li><li class=\"blocks-gallery-item\"><figure><a href=\"https:\/\/aktion-eichhoernchen.de\/wp_aktion\/wp-content\/uploads\/2021\/03\/Lui_Luisa_0036.jpg\"><img loading=\"lazy\" decoding=\"async\" width=\"800\" height=\"533\" src=\"https:\/\/aktion-eichhoernchen.de\/wp_aktion\/wp-content\/uploads\/2021\/03\/Lui_Luisa_0036.jpg\" alt=\"\" data-id=\"809\" data-full-url=\"https:\/\/aktion-eichhoernchen.de\/wp_aktion\/wp-content\/uploads\/2021\/03\/Lui_Luisa_0036.jpg\" data-link=\"https:\/\/aktion-eichhoernchen.de\/wp_aktion\/?attachment_id=809\" class=\"wp-image-809\" srcset=\"https:\/\/aktion-eichhoernchen.de\/wp_aktion\/wp-content\/uploads\/2021\/03\/Lui_Luisa_0036.jpg 800w, https:\/\/aktion-eichhoernchen.de\/wp_aktion\/wp-content\/uploads\/2021\/03\/Lui_Luisa_0036-300x200.jpg 300w, https:\/\/aktion-eichhoernchen.de\/wp_aktion\/wp-content\/uploads\/2021\/03\/Lui_Luisa_0036-768x512.jpg 768w, https:\/\/aktion-eichhoernchen.de\/wp_aktion\/wp-content\/uploads\/2021\/03\/Lui_Luisa_0036-750x499.jpg 750w, https:\/\/aktion-eichhoernchen.de\/wp_aktion\/wp-content\/uploads\/2021\/03\/Lui_Luisa_0036-360x240.jpg 360w\" sizes=\"auto, (max-width: 800px) 100vw, 800px\" \/><\/a><figcaption class=\"blocks-gallery-item__caption\">Luisa<\/figcaption><\/figure><\/li><\/ul><\/figure>\n\n\n\n<p>Er hat auch mittlerweile durchschaut, dass nach den Milchspritzen das Pipiritual kommt, meist verzichtet er auf die letzten Tropfen Milch und macht sich aus dem Staub, das n\u00fctzt ihm aber nichts, denn am Ende wird immer gestrunzelt.<\/p>\n\n\n\n<p>Motte im Auswilderungsgehege entwickelt sich gut, sie ist eine stattliche Eichkatze geworden, motorisch gehts besser, sie springt auch schon mal zwischen ihren Einrichtungsgegenst\u00e4nden hin und her. Sie bekommt nach wie vor Sonderrationen mit Nahrungserg\u00e4nzungen, es scheint ja zu helfen. Wir haben sie jetzt mal vormittags gesehen, da war sie sehr aktiv und viel in Bewegung, zum ersten Mal lie\u00df sie sich auch au\u00dferhalb der Sicherheit ihres Kobels f\u00fcttern. F\u00fcr sie haben wir jetzt so etwas wie ein Entscheidungsziel, denn wenn Lui und Luisa ins Auswilderungsgehege kommen, sollte f\u00fcr Motte eine Entscheidung (Wald oder Residentengehege) getroffen sein, denn sie wird die Kleinen nicht ohne weiteres in ihrem Revier dulden, und wenn sie ins Residentengehege soll, m\u00fcsste dort vorher die gro\u00dfe Auswilderungswelle (z.B. Mary und Emma) rollen. Es bleibt spannend.<\/p>\n\n\n\n<p>Auf einem unserer letzten Spazierg\u00e4nge im Wildwald Vo\u00dfwinkel hatten wir eine Begegnung mit einer anderen Spezies, die uns sehr ber\u00fchrt hat, zum Gl\u00fcck war die Videokamera (leider ohne Stativ) dabei, deshalb ist die eine der andere Einstellung ein wenig wackelig, hier ist der <a rel=\"noreferrer noopener\" href=\"https:\/\/youtu.be\/syBpC5egyQQ\" target=\"_blank\">link<\/a>.<\/p>\n","protected":false},"excerpt":{"rendered":"<p>Luisa wiegt 112 g, Lui mittlerweile106 &#8211; erstaunlich, vermutlich wirkt Lui durch sein Winterfell so mollig, wir h\u00e4tten nie gedacht, dass die schlanke Luisa schwerer ist als er. Die beiden <a class=\"more-link\" href=\"https:\/\/aktion-eichhoernchen.de\/wp_aktion\/?p=805\">Continue Reading &rarr;<\/a><\/p>\n","protected":false},"author":1,"featured_media":0,"comment_status":"closed","ping_status":"open","sticky":false,"template":"","format":"standard","meta":{"footnotes":""},"categories":[6],"tags":[12,7,16,17,18,20,14,10,19,15,11,9,8],"class_list":["post-805","post","type-post","status-publish","format-standard","hentry","category-eichhoernchen","tag-auswilderung","tag-eichhoernchen","tag-gehege","tag-hoernchen","tag-lui","tag-luisa","tag-motte","tag-natur","tag-notfall","tag-ratte","tag-rombergpark","tag-tierschutz","tag-wildwald"],"_links":{"self":[{"href":"https:\/\/aktion-eichhoernchen.de\/wp_aktion\/index.php?rest_route=\/wp\/v2\/posts\/805","targetHints":{"allow":["GET"]}}],"collection":[{"href":"https:\/\/aktion-eichhoernchen.de\/wp_aktion\/index.php?rest_route=\/wp\/v2\/posts"}],"about":[{"href":"https:\/\/aktion-eichhoernchen.de\/wp_aktion\/index.php?rest_route=\/wp\/v2\/types\/post"}],"author":[{"embeddable":true,"href":"https:\/\/aktion-eichhoernchen.de\/wp_aktion\/index.php?rest_route=\/wp\/v2\/users\/1"}],"replies":[{"embeddable":true,"href":"https:\/\/aktion-eichhoernchen.de\/wp_aktion\/index.php?rest_route=%2Fwp%2Fv2%2Fcomments&post=805"}],"version-history":[{"count":4,"href":"https:\/\/aktion-eichhoernchen.de\/wp_aktion\/index.php?rest_route=\/wp\/v2\/posts\/805\/revisions"}],"predecessor-version":[{"id":811,"href":"https:\/\/aktion-eichhoernchen.de\/wp_aktion\/index.php?rest_route=\/wp\/v2\/posts\/805\/revisions\/811"}],"wp:attachment":[{"href":"https:\/\/aktion-eichhoernchen.de\/wp_aktion\/index.php?rest_route=%2Fwp%2Fv2%2Fmedia&parent=805"}],"wp:term":[{"taxonomy":"category","embeddable":true,"href":"https:\/\/aktion-eichhoernchen.de\/wp_aktion\/index.php?rest_route=%2Fwp%2Fv2%2Fcategories&post=805"},{"taxonomy":"post_tag","embeddable":true,"href":"https:\/\/aktion-eichhoernchen.de\/wp_aktion\/index.php?rest_route=%2Fwp%2Fv2%2Ftags&post=805"}],"curies":[{"name":"wp","href":"https:\/\/api.w.org\/{rel}","templated":true}]}}