{"id":8005,"date":"2024-05-15T14:08:35","date_gmt":"2024-05-15T14:08:35","guid":{"rendered":"https:\/\/aktion-eichhoernchen.de\/wp_aktion\/?p=8005"},"modified":"2024-05-15T14:19:47","modified_gmt":"2024-05-15T14:19:47","slug":"15-05-2025-teil-2","status":"publish","type":"post","link":"https:\/\/aktion-eichhoernchen.de\/wp_aktion\/?p=8005","title":{"rendered":"15.05.2025 &#8211; Teil 2"},"content":{"rendered":"\n<p><strong>die letzten 24 Stunden &#8230;<\/strong><\/p>\n\n\n\n<p>waren mal wieder das, was man nicht haben muss &#8230;<\/p>\n\n\n\n<p>Um 09.30 Uhr hatten wir einen Zahntermin mit<strong> Alvin,<\/strong> absoluter Wackelkandidat, die Z\u00e4hne stehen nicht so wie &#8222;normal&#8220;, das ein oder andere H\u00f6rnchen gew\u00f6hnt sich daran, nagt etwas schief, alle Z\u00e4hne n\u00fctzen sich ab, sprich &#8222;wildbahnf\u00e4hig&#8220;. Alvin hat es bisher noch nicht geschafft, also heute wieder ein Termin. Gestern abend haben wir mit dem &#8222;Einfangen&#8220; begonnen, wie schon beschrieben, nicht einfach, aber, wir wissen, wo Alvin sich am Liebsten zur Ruhe &#8222;bettet&#8220; und genau da haben wir ihn gefunden und in eine Transportbox verfrachtet, gefiel ihm gar nicht, wurde lautstark kommentiert, aber, irgendwann war in der Box Ruhe \/ Abendruhe. Bei der TA hat er auch noch mal richtig &#8222;Zappes&#8220; gemacht, Z\u00e4hne, vor allem der linke untere Schneidezahn, alle noch mal gek\u00fcrzt. Unsere TA ist mit &#8222;Euthanasie&#8220; sehr restriktiv, sie versucht immer noch mal was. Also, Alvin wieder zur\u00fcck ins Wohnzimmer, n\u00e4chster Termin am 28.05. wieder um 09.30 Uhr &#8230;und weiter hoffen und Daumen dr\u00fccken.<\/p>\n\n\n\n<figure class=\"wp-block-gallery has-nested-images columns-default is-cropped wp-block-gallery-2 is-layout-flex wp-block-gallery-is-layout-flex\">\n<figure class=\"wp-block-image size-large\"><img loading=\"lazy\" decoding=\"async\" width=\"600\" height=\"450\" data-id=\"8006\" src=\"https:\/\/aktion-eichhoernchen.de\/wp_aktion\/wp-content\/uploads\/2024\/05\/0002477.jpg\" alt=\"\" class=\"wp-image-8006\" srcset=\"https:\/\/aktion-eichhoernchen.de\/wp_aktion\/wp-content\/uploads\/2024\/05\/0002477.jpg 600w, https:\/\/aktion-eichhoernchen.de\/wp_aktion\/wp-content\/uploads\/2024\/05\/0002477-300x225.jpg 300w\" sizes=\"auto, (max-width: 600px) 100vw, 600px\" \/><\/figure>\n\n\n\n<figure class=\"wp-block-image size-large\"><img loading=\"lazy\" decoding=\"async\" width=\"600\" height=\"450\" data-id=\"8007\" src=\"https:\/\/aktion-eichhoernchen.de\/wp_aktion\/wp-content\/uploads\/2024\/05\/0002478.jpg\" alt=\"\" class=\"wp-image-8007\" srcset=\"https:\/\/aktion-eichhoernchen.de\/wp_aktion\/wp-content\/uploads\/2024\/05\/0002478.jpg 600w, https:\/\/aktion-eichhoernchen.de\/wp_aktion\/wp-content\/uploads\/2024\/05\/0002478-300x225.jpg 300w\" sizes=\"auto, (max-width: 600px) 100vw, 600px\" \/><\/figure>\n<\/figure>\n\n\n\n<p>Gestern abend wollten wir aber auch das Auswilderungsgehege endlich desinfizieren. Bei der Ankunft waren immer noch 2 H\u00f6rnchen von Samstag drin. Fips hat ganz schnell den Ausgang gefunden und ist in den Luerwald abgeflitzt, ein &#8222;Dunkler&#8220; blieb im Gehege. Ich konnte ihn irgendwann in der H\u00e4ngematte &#8222;stellen&#8220;, ab in den noch verbliebenen H\u00e4ngekobel und nach Hause, da ist was nicht in Ordnung. Hat ihm nicht gefallen, aber extrem gewehrt hat er sich auch nicht. Es stellte sich als <strong>Coopie<\/strong> heraus. Unser Coopie, unser super lieber Eichkater, der nach Herzenslust durch das Wohnzimmer und das Gehege sprang. Innerhalb von 3 Tagen an Gewicht verloren, \u00fcbergibt sich und hat Durchfall. Da schrillen bei uns alle Alarmglocken und die haben sich leider best\u00e4tigt. Er hat sich in der kurzen Freiheit irgendwo Kyptosporidien und Clostridien eingefangen (aktuell werden ja auch die Felder mit G\u00fclle ged\u00fcngt, was f\u00fcr unsere Wildtiere ein Potporrie an Erregern bietet). F\u00fcr uns die Vollkatastrophe. Ein erwachsenes Eichh\u00f6rnchen solch einer Antibiotika-Tortour zu unterziehen, nicht gut, weder f\u00fcr uns, noch f\u00fcr das Eichh\u00f6rnchen. Aber Coopie will leben, bei\u00dft kr\u00e4ftig zu usw.<\/p>\n\n\n\n<figure class=\"wp-block-gallery has-nested-images columns-default is-cropped wp-block-gallery-3 is-layout-flex wp-block-gallery-is-layout-flex\"><div class=\"wp-block-image\">\n<figure class=\"aligncenter size-large\"><img loading=\"lazy\" decoding=\"async\" width=\"600\" height=\"450\" data-id=\"8008\" src=\"https:\/\/aktion-eichhoernchen.de\/wp_aktion\/wp-content\/uploads\/2024\/05\/0002479.jpg\" alt=\"\" class=\"wp-image-8008\" srcset=\"https:\/\/aktion-eichhoernchen.de\/wp_aktion\/wp-content\/uploads\/2024\/05\/0002479.jpg 600w, https:\/\/aktion-eichhoernchen.de\/wp_aktion\/wp-content\/uploads\/2024\/05\/0002479-300x225.jpg 300w\" sizes=\"auto, (max-width: 600px) 100vw, 600px\" \/><\/figure>\n<\/div><\/figure>\n\n\n\n<p><strong>1. Ma\u00dfnahme <\/strong>&#8230; Medies, Fl\u00fcssigkeit, Nahrungserg\u00e4nzungsmittel zum Aufbau der Darmflora, wie im Behandlungsplan beschrieben.<\/p>\n\n\n\n<p><strong>2. Ma\u00dfnahme: <\/strong>wir haben es vernachl\u00e4ssigt, wir brauchen f\u00fcr das Badezimmer eine Quarnt\u00e4nestation, beim Futterhaus geordert, k\u00f6nnen wir heute abend &#8211; auseinandergebaut &#8211; abholen. Dann k\u00f6nnen wir auch weiterhin unser Badezimmer benutzen und haben eine ordentliche Abtrennung zu den anderen H\u00f6rnchen. Die Station ist &#8222;zweiteilig&#8220;,. d.h. theoretisch k\u00f6nnten da auch 2 H\u00f6rnchen versorgt werden. Wo wir das alles im Keller &#8211; im Winter &#8211; au\u00dferhalb der Eichiesaison- unterbringen, keine Ahnung, k\u00fcmmern wir uns im Oktober darum &#8230;<\/p>\n\n\n<div class=\"wp-block-image\">\n<figure class=\"aligncenter size-full\"><img loading=\"lazy\" decoding=\"async\" width=\"600\" height=\"450\" src=\"https:\/\/aktion-eichhoernchen.de\/wp_aktion\/wp-content\/uploads\/2024\/05\/0002476.jpg\" alt=\"\" class=\"wp-image-8009\" srcset=\"https:\/\/aktion-eichhoernchen.de\/wp_aktion\/wp-content\/uploads\/2024\/05\/0002476.jpg 600w, https:\/\/aktion-eichhoernchen.de\/wp_aktion\/wp-content\/uploads\/2024\/05\/0002476-300x225.jpg 300w\" sizes=\"auto, (max-width: 600px) 100vw, 600px\" \/><\/figure>\n<\/div>\n\n\n<p>Weitere Neuigkeiten in der Station: <strong>\u00dccki <\/strong>haben wir versucht zu <strong>Daisy und Nisse<\/strong> zu setzen, gef\u00e4llt ihm noch gar nicht, so weit ist er noch nicht. Also bekommt er noch ein paar Tage in seinem kleinen einfachen Laufstall, da f\u00fchlt er sich wohl, trinkt brav seine Milch, nimmt t\u00e4glich ein paar Gramm zu. T\u00e4glich finden wir bei \u00dccki immer noch Zecken, aber so langsam sollten wir sie alle abgezupft haben, es waren mind. 30 &#8211; bisher. F\u00fcr so ein kleines Tier, verdammt viel und die Viecher saugen ja auch einiges an Blut ab, deshalb, kein Wunder, dass er noch ein bisschen &#8222;schwach&#8220; drauf ist.<\/p>\n\n\n\n<p>Morgen ist ein Tag Urlaub angesagt, wobei &#8222;Urlaub&#8220; relativ ist. Das Auswilderungsgehege wird desinfiziert, die Quarant\u00e4nestation aufgebaut und das neue 2. Auswilderungsgehege geliefert, dazwischen noch die H\u00f6rnchen versorgt. Hat irgendwie so gar keinen Bezug zu &#8222;Urlaub&#8220;, aber, so ein Tag nimmt den &#8222;Druck&#8220; raus, erleichtert hoffentlich und ist damit unbezahlbar. Wir berichten &#8230; am Freitag!<\/p>\n","protected":false},"excerpt":{"rendered":"<p>die letzten 24 Stunden &#8230; waren mal wieder das, was man nicht haben muss &#8230; Um 09.30 Uhr hatten wir einen Zahntermin mit Alvin, absoluter Wackelkandidat, die Z\u00e4hne stehen nicht <a class=\"more-link\" href=\"https:\/\/aktion-eichhoernchen.de\/wp_aktion\/?p=8005\">Continue Reading &rarr;<\/a><\/p>\n","protected":false},"author":1,"featured_media":0,"comment_status":"closed","ping_status":"open","sticky":false,"template":"","format":"standard","meta":{"footnotes":""},"categories":[6],"tags":[],"class_list":["post-8005","post","type-post","status-publish","format-standard","hentry","category-eichhoernchen"],"_links":{"self":[{"href":"https:\/\/aktion-eichhoernchen.de\/wp_aktion\/index.php?rest_route=\/wp\/v2\/posts\/8005","targetHints":{"allow":["GET"]}}],"collection":[{"href":"https:\/\/aktion-eichhoernchen.de\/wp_aktion\/index.php?rest_route=\/wp\/v2\/posts"}],"about":[{"href":"https:\/\/aktion-eichhoernchen.de\/wp_aktion\/index.php?rest_route=\/wp\/v2\/types\/post"}],"author":[{"embeddable":true,"href":"https:\/\/aktion-eichhoernchen.de\/wp_aktion\/index.php?rest_route=\/wp\/v2\/users\/1"}],"replies":[{"embeddable":true,"href":"https:\/\/aktion-eichhoernchen.de\/wp_aktion\/index.php?rest_route=%2Fwp%2Fv2%2Fcomments&post=8005"}],"version-history":[{"count":5,"href":"https:\/\/aktion-eichhoernchen.de\/wp_aktion\/index.php?rest_route=\/wp\/v2\/posts\/8005\/revisions"}],"predecessor-version":[{"id":8015,"href":"https:\/\/aktion-eichhoernchen.de\/wp_aktion\/index.php?rest_route=\/wp\/v2\/posts\/8005\/revisions\/8015"}],"wp:attachment":[{"href":"https:\/\/aktion-eichhoernchen.de\/wp_aktion\/index.php?rest_route=%2Fwp%2Fv2%2Fmedia&parent=8005"}],"wp:term":[{"taxonomy":"category","embeddable":true,"href":"https:\/\/aktion-eichhoernchen.de\/wp_aktion\/index.php?rest_route=%2Fwp%2Fv2%2Fcategories&post=8005"},{"taxonomy":"post_tag","embeddable":true,"href":"https:\/\/aktion-eichhoernchen.de\/wp_aktion\/index.php?rest_route=%2Fwp%2Fv2%2Ftags&post=8005"}],"curies":[{"name":"wp","href":"https:\/\/api.w.org\/{rel}","templated":true}]}}