{"id":7996,"date":"2024-05-15T09:36:59","date_gmt":"2024-05-15T09:36:59","guid":{"rendered":"https:\/\/aktion-eichhoernchen.de\/wp_aktion\/?p=7996"},"modified":"2024-05-15T09:36:59","modified_gmt":"2024-05-15T09:36:59","slug":"15-05-2024-teil-1","status":"publish","type":"post","link":"https:\/\/aktion-eichhoernchen.de\/wp_aktion\/?p=7996","title":{"rendered":"15.05.2024 &#8211; Teil 1"},"content":{"rendered":"\n<p>.<strong>.. &#8222;gerupfte&#8220; H\u00f6rnchen &#8230;<\/strong><\/p>\n\n\n\n<p>Aktuell erreichen uns auch viele Anrufe zu &#8222;gerupften&#8220; Eichh\u00f6rnchen. Ja, sie sind, vor allem die Mamas, die Nachwuchs hatten\/haben, im Fellwechsel und sehen, wie unsere gefiederten Gesellen, mitunter sehr &#8222;gerupft&#8220; aus. Mal ehrlich, wir laufen auch nicht mehr im Wintermantel rum, d.h. es wird Zeit, dass sie das dicke Winterfell abwerfen. Das ist also durchaus normal. Der Fellwechsel ist enorm belastend f\u00fcr die Tiere, sie brauchen jede Menge Proteine, damit das neue Fellkleid\/Gefieder sich ausbilden kann. Die Natur bietet zwar aktuell schon einiges, aber die Zerst\u00f6rung der Lebensr\u00e4ume tr\u00e4gt seinen Teil dazu bei, dass sie eben nicht mehr alle N\u00e4hrstoffe finden. Im Allgemeinen schaffen es aber unsere Wildtiere &#8230;<\/p>\n\n\n\n<figure class=\"wp-block-gallery has-nested-images columns-default is-cropped wp-block-gallery-2 is-layout-flex wp-block-gallery-is-layout-flex\">\n<figure class=\"wp-block-image size-large\"><img loading=\"lazy\" decoding=\"async\" width=\"600\" height=\"370\" data-id=\"7998\" src=\"https:\/\/aktion-eichhoernchen.de\/wp_aktion\/wp-content\/uploads\/2024\/05\/0002474.jpg\" alt=\"\" class=\"wp-image-7998\" srcset=\"https:\/\/aktion-eichhoernchen.de\/wp_aktion\/wp-content\/uploads\/2024\/05\/0002474.jpg 600w, https:\/\/aktion-eichhoernchen.de\/wp_aktion\/wp-content\/uploads\/2024\/05\/0002474-300x185.jpg 300w\" sizes=\"auto, (max-width: 600px) 100vw, 600px\" \/><figcaption class=\"wp-element-caption\">\u00a9 Ardilla<\/figcaption><\/figure>\n<\/figure>\n\n\n\n<p>Wenn ein Eichh\u00f6rnchen so aussieht wie im linken Bild, ist das nat\u00fcrlich nicht normal. Das Bild ist vom Februar, das rechte Bild aktuell. Ardilla, vom Eichh\u00f6rnchenforum, hat es geschafft, ihr &#8222;Hedi&#8220; ein Antiparasitikum auf das Fell zu geben, bei einem Wildtier nicht einfach und hat sie einiges an Nerven und Zeit gekostet, aber jetzt \/ heute sieht sie wieder toll aus, noch mit &#8222;Kragen&#8220; aber das wird! <\/p>\n\n\n\n<figure class=\"wp-block-gallery has-nested-images columns-default is-cropped wp-block-gallery-3 is-layout-flex wp-block-gallery-is-layout-flex\">\n<figure class=\"wp-block-image size-large\"><img loading=\"lazy\" decoding=\"async\" width=\"600\" height=\"433\" data-id=\"8000\" src=\"https:\/\/aktion-eichhoernchen.de\/wp_aktion\/wp-content\/uploads\/2024\/05\/0002475.jpg\" alt=\"\" class=\"wp-image-8000\" srcset=\"https:\/\/aktion-eichhoernchen.de\/wp_aktion\/wp-content\/uploads\/2024\/05\/0002475.jpg 600w, https:\/\/aktion-eichhoernchen.de\/wp_aktion\/wp-content\/uploads\/2024\/05\/0002475-300x217.jpg 300w\" sizes=\"auto, (max-width: 600px) 100vw, 600px\" \/><figcaption class=\"wp-element-caption\">\u00a9 Ardilla<\/figcaption><\/figure>\n\n\n\n<figure class=\"wp-block-image size-large\"><img loading=\"lazy\" decoding=\"async\" width=\"600\" height=\"480\" data-id=\"7999\" src=\"https:\/\/aktion-eichhoernchen.de\/wp_aktion\/wp-content\/uploads\/2024\/05\/0002472.jpg\" alt=\"\" class=\"wp-image-7999\" srcset=\"https:\/\/aktion-eichhoernchen.de\/wp_aktion\/wp-content\/uploads\/2024\/05\/0002472.jpg 600w, https:\/\/aktion-eichhoernchen.de\/wp_aktion\/wp-content\/uploads\/2024\/05\/0002472-300x240.jpg 300w\" sizes=\"auto, (max-width: 600px) 100vw, 600px\" \/><figcaption class=\"wp-element-caption\">\u00a9 Ardilla<\/figcaption><\/figure>\n<\/figure>\n\n\n\n<p>Vielen, vielen Dank f\u00fcr die Bilder!<\/p>\n","protected":false},"excerpt":{"rendered":"<p>&#8230; &#8222;gerupfte&#8220; H\u00f6rnchen &#8230; Aktuell erreichen uns auch viele Anrufe zu &#8222;gerupften&#8220; Eichh\u00f6rnchen. Ja, sie sind, vor allem die Mamas, die Nachwuchs hatten\/haben, im Fellwechsel und sehen, wie unsere gefiederten <a class=\"more-link\" href=\"https:\/\/aktion-eichhoernchen.de\/wp_aktion\/?p=7996\">Continue Reading &rarr;<\/a><\/p>\n","protected":false},"author":1,"featured_media":0,"comment_status":"closed","ping_status":"open","sticky":false,"template":"","format":"standard","meta":{"footnotes":""},"categories":[6],"tags":[],"class_list":["post-7996","post","type-post","status-publish","format-standard","hentry","category-eichhoernchen"],"_links":{"self":[{"href":"https:\/\/aktion-eichhoernchen.de\/wp_aktion\/index.php?rest_route=\/wp\/v2\/posts\/7996","targetHints":{"allow":["GET"]}}],"collection":[{"href":"https:\/\/aktion-eichhoernchen.de\/wp_aktion\/index.php?rest_route=\/wp\/v2\/posts"}],"about":[{"href":"https:\/\/aktion-eichhoernchen.de\/wp_aktion\/index.php?rest_route=\/wp\/v2\/types\/post"}],"author":[{"embeddable":true,"href":"https:\/\/aktion-eichhoernchen.de\/wp_aktion\/index.php?rest_route=\/wp\/v2\/users\/1"}],"replies":[{"embeddable":true,"href":"https:\/\/aktion-eichhoernchen.de\/wp_aktion\/index.php?rest_route=%2Fwp%2Fv2%2Fcomments&post=7996"}],"version-history":[{"count":4,"href":"https:\/\/aktion-eichhoernchen.de\/wp_aktion\/index.php?rest_route=\/wp\/v2\/posts\/7996\/revisions"}],"predecessor-version":[{"id":8004,"href":"https:\/\/aktion-eichhoernchen.de\/wp_aktion\/index.php?rest_route=\/wp\/v2\/posts\/7996\/revisions\/8004"}],"wp:attachment":[{"href":"https:\/\/aktion-eichhoernchen.de\/wp_aktion\/index.php?rest_route=%2Fwp%2Fv2%2Fmedia&parent=7996"}],"wp:term":[{"taxonomy":"category","embeddable":true,"href":"https:\/\/aktion-eichhoernchen.de\/wp_aktion\/index.php?rest_route=%2Fwp%2Fv2%2Fcategories&post=7996"},{"taxonomy":"post_tag","embeddable":true,"href":"https:\/\/aktion-eichhoernchen.de\/wp_aktion\/index.php?rest_route=%2Fwp%2Fv2%2Ftags&post=7996"}],"curies":[{"name":"wp","href":"https:\/\/api.w.org\/{rel}","templated":true}]}}