{"id":798,"date":"2021-03-17T10:30:23","date_gmt":"2021-03-17T10:30:23","guid":{"rendered":"https:\/\/aktion-eichhoernchen.de\/wp_aktion\/?p=798"},"modified":"2021-03-18T07:25:12","modified_gmt":"2021-03-18T07:25:12","slug":"17-03-2021","status":"publish","type":"post","link":"https:\/\/aktion-eichhoernchen.de\/wp_aktion\/?p=798","title":{"rendered":"17.03.2021"},"content":{"rendered":"\n<p>Lui entwickelt sich prima, entsprechend seinem Naturell ist er neugierig, ohne Scheu und f\u00fcr alles offen, die oberen Schneidez\u00e4hne sind gerade durchgekommen, seine anf\u00e4nglichen Probleme beim Urinabsetzen haben sich gegeben, er braucht halt etwas mehr Zeit und Vorbereitung durch Bauchstreicheln. Er vertr\u00e4gt die Milch gut, nach einem kapitalen D\u00fcnnpfiff am Montag ist sein Kot jetzt wieder dunkel und fest, er raspelt auch N\u00fcsse klein und besch\u00e4ftigt sich schon mit angeknackten Waln\u00fcssen. Seine Wachphasen werden l\u00e4nger, w\u00e4hrend am Wochenende und Montag noch fressen und schlafen seinen Rhythmus bestimmt haben, nimmt er mittlerweile seine Umgebung wahr, h\u00fcpft und klettert, l\u00e4sst sich gern bespielen und auch Luisa interessiert ihn sehr, nach H\u00f6rnchenart ist das dann rauh und schon mal etwas grob.<\/p>\n\n\n\n<figure class=\"wp-block-gallery columns-2 is-cropped wp-block-gallery-2 is-layout-flex wp-block-gallery-is-layout-flex\"><ul class=\"blocks-gallery-grid\"><li class=\"blocks-gallery-item\"><figure><a href=\"https:\/\/aktion-eichhoernchen.de\/wp_aktion\/wp-content\/uploads\/2021\/03\/Lui_Luisa_0037.jpg\"><img loading=\"lazy\" decoding=\"async\" width=\"800\" height=\"533\" src=\"https:\/\/aktion-eichhoernchen.de\/wp_aktion\/wp-content\/uploads\/2021\/03\/Lui_Luisa_0037.jpg\" alt=\"\" data-id=\"801\" data-full-url=\"https:\/\/aktion-eichhoernchen.de\/wp_aktion\/wp-content\/uploads\/2021\/03\/Lui_Luisa_0037.jpg\" data-link=\"https:\/\/aktion-eichhoernchen.de\/wp_aktion\/?attachment_id=801\" class=\"wp-image-801\" srcset=\"https:\/\/aktion-eichhoernchen.de\/wp_aktion\/wp-content\/uploads\/2021\/03\/Lui_Luisa_0037.jpg 800w, https:\/\/aktion-eichhoernchen.de\/wp_aktion\/wp-content\/uploads\/2021\/03\/Lui_Luisa_0037-300x200.jpg 300w, https:\/\/aktion-eichhoernchen.de\/wp_aktion\/wp-content\/uploads\/2021\/03\/Lui_Luisa_0037-768x512.jpg 768w, https:\/\/aktion-eichhoernchen.de\/wp_aktion\/wp-content\/uploads\/2021\/03\/Lui_Luisa_0037-750x499.jpg 750w, https:\/\/aktion-eichhoernchen.de\/wp_aktion\/wp-content\/uploads\/2021\/03\/Lui_Luisa_0037-360x240.jpg 360w\" sizes=\"auto, (max-width: 800px) 100vw, 800px\" \/><\/a><figcaption class=\"blocks-gallery-item__caption\">Luisa<\/figcaption><\/figure><\/li><li class=\"blocks-gallery-item\"><figure><a href=\"https:\/\/aktion-eichhoernchen.de\/wp_aktion\/wp-content\/uploads\/2021\/03\/Lui_Luisa_0038.jpg\"><img loading=\"lazy\" decoding=\"async\" width=\"800\" height=\"533\" src=\"https:\/\/aktion-eichhoernchen.de\/wp_aktion\/wp-content\/uploads\/2021\/03\/Lui_Luisa_0038.jpg\" alt=\"\" data-id=\"802\" data-full-url=\"https:\/\/aktion-eichhoernchen.de\/wp_aktion\/wp-content\/uploads\/2021\/03\/Lui_Luisa_0038.jpg\" data-link=\"https:\/\/aktion-eichhoernchen.de\/wp_aktion\/?attachment_id=802\" class=\"wp-image-802\" srcset=\"https:\/\/aktion-eichhoernchen.de\/wp_aktion\/wp-content\/uploads\/2021\/03\/Lui_Luisa_0038.jpg 800w, https:\/\/aktion-eichhoernchen.de\/wp_aktion\/wp-content\/uploads\/2021\/03\/Lui_Luisa_0038-300x200.jpg 300w, https:\/\/aktion-eichhoernchen.de\/wp_aktion\/wp-content\/uploads\/2021\/03\/Lui_Luisa_0038-768x512.jpg 768w, https:\/\/aktion-eichhoernchen.de\/wp_aktion\/wp-content\/uploads\/2021\/03\/Lui_Luisa_0038-750x499.jpg 750w, https:\/\/aktion-eichhoernchen.de\/wp_aktion\/wp-content\/uploads\/2021\/03\/Lui_Luisa_0038-360x240.jpg 360w\" sizes=\"auto, (max-width: 800px) 100vw, 800px\" \/><\/a><figcaption class=\"blocks-gallery-item__caption\">Lui<\/figcaption><\/figure><\/li><\/ul><\/figure>\n\n\n\n<p>Luisa lassen wir dann schon noch ihre Ruhe, sie ist immer noch \u00e4ngstlich, taut aber immer mehr auf, sie ist ja auch erst seit Montag am fr\u00fchen Abend bei uns. Sie nimmt mittlerweile auch gern die Milchspritze mit Sauger, Urinstimulation mag sie nicht gern, funktioniert aber trotzdem gut. Ihre Verdauung ist unauff\u00e4llig, irgendwelche Defizite bei der Motorik konnten wir bisher auch nicht feststellen, sie hatte nicht einen einzigen Floh und sie riecht auch v\u00f6llig unverd\u00e4chtig. Uns ist aufgefallen, dass ihr Kopf, anders als der von Lui, sehr schmal und fein ist, sie hat schon ein H\u00f6rnchengesicht, w\u00e4hrend Lui`s eher noch dem Kindchenschema entspricht und rund und gro\u00df ist. Luisa bewegt sich noch mehr wie ein Waran, w\u00e4hrend Lui schon hopst und springt. Luisas obere Schneidez\u00e4hne sind jetzt auch durchgekommen, vermutlich in der letzten Nacht.<\/p>\n\n\n\n<p>Beide H\u00f6rnchen machen uns viel Freude, sie schlafen gelegentlich auch schon mal eng umschlungen, Lui schiebt sich dann immer unter Luisa, ob sie das nun will oder nicht&#8230;bisher sieht alles ganz gut aus, wir m\u00fcssen uns auch nicht sklavisch an Futterzeiten halten, was die Betreuung sehr erleichtert<\/p>\n\n\n\n<p><\/p>\n","protected":false},"excerpt":{"rendered":"<p>Lui entwickelt sich prima, entsprechend seinem Naturell ist er neugierig, ohne Scheu und f\u00fcr alles offen, die oberen Schneidez\u00e4hne sind gerade durchgekommen, seine anf\u00e4nglichen Probleme beim Urinabsetzen haben sich gegeben, <a class=\"more-link\" href=\"https:\/\/aktion-eichhoernchen.de\/wp_aktion\/?p=798\">Continue Reading &rarr;<\/a><\/p>\n","protected":false},"author":1,"featured_media":0,"comment_status":"closed","ping_status":"open","sticky":false,"template":"","format":"standard","meta":{"footnotes":""},"categories":[6],"tags":[12,7,16,17,18,20,14,10,19,15,11,9,8],"class_list":["post-798","post","type-post","status-publish","format-standard","hentry","category-eichhoernchen","tag-auswilderung","tag-eichhoernchen","tag-gehege","tag-hoernchen","tag-lui","tag-luisa","tag-motte","tag-natur","tag-notfall","tag-ratte","tag-rombergpark","tag-tierschutz","tag-wildwald"],"_links":{"self":[{"href":"https:\/\/aktion-eichhoernchen.de\/wp_aktion\/index.php?rest_route=\/wp\/v2\/posts\/798","targetHints":{"allow":["GET"]}}],"collection":[{"href":"https:\/\/aktion-eichhoernchen.de\/wp_aktion\/index.php?rest_route=\/wp\/v2\/posts"}],"about":[{"href":"https:\/\/aktion-eichhoernchen.de\/wp_aktion\/index.php?rest_route=\/wp\/v2\/types\/post"}],"author":[{"embeddable":true,"href":"https:\/\/aktion-eichhoernchen.de\/wp_aktion\/index.php?rest_route=\/wp\/v2\/users\/1"}],"replies":[{"embeddable":true,"href":"https:\/\/aktion-eichhoernchen.de\/wp_aktion\/index.php?rest_route=%2Fwp%2Fv2%2Fcomments&post=798"}],"version-history":[{"count":3,"href":"https:\/\/aktion-eichhoernchen.de\/wp_aktion\/index.php?rest_route=\/wp\/v2\/posts\/798\/revisions"}],"predecessor-version":[{"id":804,"href":"https:\/\/aktion-eichhoernchen.de\/wp_aktion\/index.php?rest_route=\/wp\/v2\/posts\/798\/revisions\/804"}],"wp:attachment":[{"href":"https:\/\/aktion-eichhoernchen.de\/wp_aktion\/index.php?rest_route=%2Fwp%2Fv2%2Fmedia&parent=798"}],"wp:term":[{"taxonomy":"category","embeddable":true,"href":"https:\/\/aktion-eichhoernchen.de\/wp_aktion\/index.php?rest_route=%2Fwp%2Fv2%2Fcategories&post=798"},{"taxonomy":"post_tag","embeddable":true,"href":"https:\/\/aktion-eichhoernchen.de\/wp_aktion\/index.php?rest_route=%2Fwp%2Fv2%2Ftags&post=798"}],"curies":[{"name":"wp","href":"https:\/\/api.w.org\/{rel}","templated":true}]}}