{"id":790,"date":"2021-03-16T06:51:52","date_gmt":"2021-03-16T06:51:52","guid":{"rendered":"https:\/\/aktion-eichhoernchen.de\/wp_aktion\/?p=790"},"modified":"2021-03-18T07:24:57","modified_gmt":"2021-03-18T07:24:57","slug":"16-03-2021","status":"publish","type":"post","link":"https:\/\/aktion-eichhoernchen.de\/wp_aktion\/?p=790","title":{"rendered":"16.03.2021"},"content":{"rendered":"\n<p>Ereignisreicher Tag gestern &#8211; Lui hat Verst\u00e4rkung bekommen, ein etwa 4 Wochen altes M\u00e4del aus Ahlen, wir nennen es Luisa, weil weder der Name der Finder noch deren Adresse eine Inspiration boten.<\/p>\n\n\n\n<p>Luisa ist gesund, hat ein glattes Fell, eine Andeutung von Ohrp\u00fcscheln, und ist seeeehr sch\u00fcchtern, das ist nach Luis unbeschwertem Auftritt bei uns wieder eine andere Herausforderung. Wir hatten vorher telefonisch eine R\u00fcckf\u00fchrung versucht, der Kobel liegt scheinbar hinter der Holzfassade eines Wohnhauses, die Mutter hat die Kleine aber nicht wieder zur\u00fcckgeholt. Mit einsetzendem Regen und beginnender D\u00e4mmerung haben wir uns f\u00fcr die Abholung entschieden.<\/p>\n\n\n\n<figure class=\"wp-block-gallery columns-2 is-cropped wp-block-gallery-2 is-layout-flex wp-block-gallery-is-layout-flex\"><ul class=\"blocks-gallery-grid\"><li class=\"blocks-gallery-item\"><figure><a href=\"https:\/\/aktion-eichhoernchen.de\/wp_aktion\/wp-content\/uploads\/2021\/03\/Lui_Luisa_0028.jpg\"><img loading=\"lazy\" decoding=\"async\" width=\"800\" height=\"533\" src=\"https:\/\/aktion-eichhoernchen.de\/wp_aktion\/wp-content\/uploads\/2021\/03\/Lui_Luisa_0028.jpg\" alt=\"\" data-id=\"794\" data-full-url=\"https:\/\/aktion-eichhoernchen.de\/wp_aktion\/wp-content\/uploads\/2021\/03\/Lui_Luisa_0028.jpg\" data-link=\"https:\/\/aktion-eichhoernchen.de\/wp_aktion\/?attachment_id=794\" class=\"wp-image-794\" srcset=\"https:\/\/aktion-eichhoernchen.de\/wp_aktion\/wp-content\/uploads\/2021\/03\/Lui_Luisa_0028.jpg 800w, https:\/\/aktion-eichhoernchen.de\/wp_aktion\/wp-content\/uploads\/2021\/03\/Lui_Luisa_0028-300x200.jpg 300w, https:\/\/aktion-eichhoernchen.de\/wp_aktion\/wp-content\/uploads\/2021\/03\/Lui_Luisa_0028-768x512.jpg 768w, https:\/\/aktion-eichhoernchen.de\/wp_aktion\/wp-content\/uploads\/2021\/03\/Lui_Luisa_0028-750x499.jpg 750w, https:\/\/aktion-eichhoernchen.de\/wp_aktion\/wp-content\/uploads\/2021\/03\/Lui_Luisa_0028-360x240.jpg 360w\" sizes=\"auto, (max-width: 800px) 100vw, 800px\" \/><\/a><\/figure><\/li><li class=\"blocks-gallery-item\"><figure><a href=\"https:\/\/aktion-eichhoernchen.de\/wp_aktion\/wp-content\/uploads\/2021\/03\/Lui_Luisa_0029.jpg\"><img loading=\"lazy\" decoding=\"async\" width=\"800\" height=\"533\" src=\"https:\/\/aktion-eichhoernchen.de\/wp_aktion\/wp-content\/uploads\/2021\/03\/Lui_Luisa_0029.jpg\" alt=\"\" data-id=\"795\" data-full-url=\"https:\/\/aktion-eichhoernchen.de\/wp_aktion\/wp-content\/uploads\/2021\/03\/Lui_Luisa_0029.jpg\" data-link=\"https:\/\/aktion-eichhoernchen.de\/wp_aktion\/?attachment_id=795\" class=\"wp-image-795\" srcset=\"https:\/\/aktion-eichhoernchen.de\/wp_aktion\/wp-content\/uploads\/2021\/03\/Lui_Luisa_0029.jpg 800w, https:\/\/aktion-eichhoernchen.de\/wp_aktion\/wp-content\/uploads\/2021\/03\/Lui_Luisa_0029-300x200.jpg 300w, https:\/\/aktion-eichhoernchen.de\/wp_aktion\/wp-content\/uploads\/2021\/03\/Lui_Luisa_0029-768x512.jpg 768w, https:\/\/aktion-eichhoernchen.de\/wp_aktion\/wp-content\/uploads\/2021\/03\/Lui_Luisa_0029-750x499.jpg 750w, https:\/\/aktion-eichhoernchen.de\/wp_aktion\/wp-content\/uploads\/2021\/03\/Lui_Luisa_0029-360x240.jpg 360w\" sizes=\"auto, (max-width: 800px) 100vw, 800px\" \/><\/a><\/figure><\/li><\/ul><\/figure>\n\n\n\n<p>Luisa h\u00e4lt sich am liebsten versteckt, m\u00f6chte erst einmal nichts zu sich nehmen, obwohl sie schon seit Stunden nichts hatte, Pipi gibt sie auch nur sparsam, sie braucht jetzt Zeit und Ruhe. Bei der Nachtf\u00fctterung, sie war jetzt schon Stunden von ihrer Mutter getrennt, nimmt sie ein paar Tropfen Elos und Milch.<\/p>\n\n\n\n<p>Heute morgen schlabbert sie einen ml Milch sehr z\u00f6gerlich, Pipi waren ein paar Tr\u00f6pfchen, woher soll es auch kommen. Geduld ist gefragt.<\/p>\n\n\n\n<p>Mit Lui waren wir gestern bei der Tier\u00e4rztin, er ist leider auch ein schlechter Pinkler, aber der ph-Wert ist o.K, also kein Harngries wie vor einem halben Jahr bei Sweetie; wir konnten danach auch beobachten, wie der Kleine selbst\u00e4ndig Urin absetzt, das sollte er eigentlich erst mit ca. 7 Wochen k\u00f6nnen, und so alt ist er definitiv nicht. Als wir ihn heute Morgen aus dem Kobel holen, hat er eine feuchte Stelle auf seiner Kobelunterlage, und er tobt voller Energie ausgelassen herum. Der Bursche ist ein Ph\u00e4nomen, ein richtiger Gute-Laune-B\u00e4r, wir hoffen, dass er Luisa bald mitzieht. Wenn er nur besser pinkeln w\u00fcrde&#8230;<\/p>\n\n\n\n<figure class=\"wp-block-gallery columns-2 is-cropped wp-block-gallery-3 is-layout-flex wp-block-gallery-is-layout-flex\"><ul class=\"blocks-gallery-grid\"><li class=\"blocks-gallery-item\"><figure><a href=\"https:\/\/aktion-eichhoernchen.de\/wp_aktion\/wp-content\/uploads\/2021\/03\/Lui_0011.jpg\"><img loading=\"lazy\" decoding=\"async\" width=\"800\" height=\"533\" src=\"https:\/\/aktion-eichhoernchen.de\/wp_aktion\/wp-content\/uploads\/2021\/03\/Lui_0011.jpg\" alt=\"\" data-id=\"792\" data-full-url=\"https:\/\/aktion-eichhoernchen.de\/wp_aktion\/wp-content\/uploads\/2021\/03\/Lui_0011.jpg\" data-link=\"https:\/\/aktion-eichhoernchen.de\/wp_aktion\/?attachment_id=792\" class=\"wp-image-792\" srcset=\"https:\/\/aktion-eichhoernchen.de\/wp_aktion\/wp-content\/uploads\/2021\/03\/Lui_0011.jpg 800w, https:\/\/aktion-eichhoernchen.de\/wp_aktion\/wp-content\/uploads\/2021\/03\/Lui_0011-300x200.jpg 300w, https:\/\/aktion-eichhoernchen.de\/wp_aktion\/wp-content\/uploads\/2021\/03\/Lui_0011-768x512.jpg 768w, https:\/\/aktion-eichhoernchen.de\/wp_aktion\/wp-content\/uploads\/2021\/03\/Lui_0011-750x499.jpg 750w, https:\/\/aktion-eichhoernchen.de\/wp_aktion\/wp-content\/uploads\/2021\/03\/Lui_0011-360x240.jpg 360w\" sizes=\"auto, (max-width: 800px) 100vw, 800px\" \/><\/a><\/figure><\/li><li class=\"blocks-gallery-item\"><figure><a href=\"https:\/\/aktion-eichhoernchen.de\/wp_aktion\/wp-content\/uploads\/2021\/03\/Lui_0024.jpg\"><img loading=\"lazy\" decoding=\"async\" width=\"800\" height=\"533\" src=\"https:\/\/aktion-eichhoernchen.de\/wp_aktion\/wp-content\/uploads\/2021\/03\/Lui_0024.jpg\" alt=\"\" data-id=\"793\" data-full-url=\"https:\/\/aktion-eichhoernchen.de\/wp_aktion\/wp-content\/uploads\/2021\/03\/Lui_0024.jpg\" data-link=\"https:\/\/aktion-eichhoernchen.de\/wp_aktion\/?attachment_id=793\" class=\"wp-image-793\" srcset=\"https:\/\/aktion-eichhoernchen.de\/wp_aktion\/wp-content\/uploads\/2021\/03\/Lui_0024.jpg 800w, https:\/\/aktion-eichhoernchen.de\/wp_aktion\/wp-content\/uploads\/2021\/03\/Lui_0024-300x200.jpg 300w, https:\/\/aktion-eichhoernchen.de\/wp_aktion\/wp-content\/uploads\/2021\/03\/Lui_0024-768x512.jpg 768w, https:\/\/aktion-eichhoernchen.de\/wp_aktion\/wp-content\/uploads\/2021\/03\/Lui_0024-750x499.jpg 750w, https:\/\/aktion-eichhoernchen.de\/wp_aktion\/wp-content\/uploads\/2021\/03\/Lui_0024-360x240.jpg 360w\" sizes=\"auto, (max-width: 800px) 100vw, 800px\" \/><\/a><\/figure><\/li><\/ul><\/figure>\n","protected":false},"excerpt":{"rendered":"<p>Ereignisreicher Tag gestern &#8211; Lui hat Verst\u00e4rkung bekommen, ein etwa 4 Wochen altes M\u00e4del aus Ahlen, wir nennen es Luisa, weil weder der Name der Finder noch deren Adresse eine <a class=\"more-link\" href=\"https:\/\/aktion-eichhoernchen.de\/wp_aktion\/?p=790\">Continue Reading &rarr;<\/a><\/p>\n","protected":false},"author":1,"featured_media":0,"comment_status":"closed","ping_status":"open","sticky":false,"template":"","format":"standard","meta":{"footnotes":""},"categories":[6],"tags":[12,7,16,17,18,20,14,10,19,15,11,9,8],"class_list":["post-790","post","type-post","status-publish","format-standard","hentry","category-eichhoernchen","tag-auswilderung","tag-eichhoernchen","tag-gehege","tag-hoernchen","tag-lui","tag-luisa","tag-motte","tag-natur","tag-notfall","tag-ratte","tag-rombergpark","tag-tierschutz","tag-wildwald"],"_links":{"self":[{"href":"https:\/\/aktion-eichhoernchen.de\/wp_aktion\/index.php?rest_route=\/wp\/v2\/posts\/790","targetHints":{"allow":["GET"]}}],"collection":[{"href":"https:\/\/aktion-eichhoernchen.de\/wp_aktion\/index.php?rest_route=\/wp\/v2\/posts"}],"about":[{"href":"https:\/\/aktion-eichhoernchen.de\/wp_aktion\/index.php?rest_route=\/wp\/v2\/types\/post"}],"author":[{"embeddable":true,"href":"https:\/\/aktion-eichhoernchen.de\/wp_aktion\/index.php?rest_route=\/wp\/v2\/users\/1"}],"replies":[{"embeddable":true,"href":"https:\/\/aktion-eichhoernchen.de\/wp_aktion\/index.php?rest_route=%2Fwp%2Fv2%2Fcomments&post=790"}],"version-history":[{"count":3,"href":"https:\/\/aktion-eichhoernchen.de\/wp_aktion\/index.php?rest_route=\/wp\/v2\/posts\/790\/revisions"}],"predecessor-version":[{"id":797,"href":"https:\/\/aktion-eichhoernchen.de\/wp_aktion\/index.php?rest_route=\/wp\/v2\/posts\/790\/revisions\/797"}],"wp:attachment":[{"href":"https:\/\/aktion-eichhoernchen.de\/wp_aktion\/index.php?rest_route=%2Fwp%2Fv2%2Fmedia&parent=790"}],"wp:term":[{"taxonomy":"category","embeddable":true,"href":"https:\/\/aktion-eichhoernchen.de\/wp_aktion\/index.php?rest_route=%2Fwp%2Fv2%2Fcategories&post=790"},{"taxonomy":"post_tag","embeddable":true,"href":"https:\/\/aktion-eichhoernchen.de\/wp_aktion\/index.php?rest_route=%2Fwp%2Fv2%2Ftags&post=790"}],"curies":[{"name":"wp","href":"https:\/\/api.w.org\/{rel}","templated":true}]}}