{"id":780,"date":"2021-03-14T08:54:35","date_gmt":"2021-03-14T08:54:35","guid":{"rendered":"https:\/\/aktion-eichhoernchen.de\/wp_aktion\/?p=780"},"modified":"2021-03-16T06:29:32","modified_gmt":"2021-03-16T06:29:32","slug":"14-03-2021","status":"publish","type":"post","link":"https:\/\/aktion-eichhoernchen.de\/wp_aktion\/?p=780","title":{"rendered":"14.03.2021"},"content":{"rendered":"\n<p>Aus aktuellem Anlass gibts einen au\u00dferplanm\u00e4\u00dfigen Beitrag&#8230;und in Zukunft dann immer Mittwochs morgens (den laden wir Dienstag Abend hoch) und bei Bedarf und Gelegenheit weitere:<\/p>\n\n\n\n<p>Lui hat uns gestern Mittag gefunden, ein Eichkaterchen aus Hamm-Uentrop. Er hielt sich nicht lange damit auf, gefunden zu werden, er sprang seinem Finder einfach ans Hosenbein. Der hat dann alles perfekt richtig gemacht: er hat zun\u00e4chst geschaut, ob die Mutter oder weitere Geschwister in Sichtweite war, hat dann wegen streunender Katzen entschieden, dass es besser ist, den Kleinen aufzunehmen, hat ihn in einen ausstaffierten Pappkarton auf die Heizung (!) gesetzt und anschlie\u00dfend Hilfe gesucht und ist dabei bei uns gelandet.<\/p>\n\n\n\n<p>Lui  ist ungef\u00e4hr 4 Wochen alt, wiegt 89 g, ist recht gro\u00df, hat ein wunderbar puscheliges Winterfell und sogar P\u00fcschel an den Ohren, die unteren Schneidez\u00e4hne sind schon lang, oben ist noch nix zu sehen. Er hat keine sichtbaren Verletzungen, bewegt sich prima, hat keinerlei Madenbefall, nur wenige Fl\u00f6he und Krabbeltiere und  riecht ein wenig s\u00e4uerlich, als ob er Durchfall h\u00e4tte, sein Fell am Anus ist aber nicht verklebt.<\/p>\n\n\n\n<figure class=\"wp-block-gallery columns-2 is-cropped wp-block-gallery-2 is-layout-flex wp-block-gallery-is-layout-flex\"><ul class=\"blocks-gallery-grid\"><li class=\"blocks-gallery-item\"><figure><a href=\"https:\/\/aktion-eichhoernchen.de\/wp_aktion\/wp-content\/uploads\/2021\/03\/Lui_002.jpg\"><img loading=\"lazy\" decoding=\"async\" width=\"800\" height=\"533\" src=\"https:\/\/aktion-eichhoernchen.de\/wp_aktion\/wp-content\/uploads\/2021\/03\/Lui_002.jpg\" alt=\"\" data-id=\"783\" data-full-url=\"https:\/\/aktion-eichhoernchen.de\/wp_aktion\/wp-content\/uploads\/2021\/03\/Lui_002.jpg\" data-link=\"https:\/\/aktion-eichhoernchen.de\/wp_aktion\/?attachment_id=783\" class=\"wp-image-783\" srcset=\"https:\/\/aktion-eichhoernchen.de\/wp_aktion\/wp-content\/uploads\/2021\/03\/Lui_002.jpg 800w, https:\/\/aktion-eichhoernchen.de\/wp_aktion\/wp-content\/uploads\/2021\/03\/Lui_002-300x200.jpg 300w, https:\/\/aktion-eichhoernchen.de\/wp_aktion\/wp-content\/uploads\/2021\/03\/Lui_002-768x512.jpg 768w, https:\/\/aktion-eichhoernchen.de\/wp_aktion\/wp-content\/uploads\/2021\/03\/Lui_002-750x499.jpg 750w, https:\/\/aktion-eichhoernchen.de\/wp_aktion\/wp-content\/uploads\/2021\/03\/Lui_002-360x240.jpg 360w\" sizes=\"auto, (max-width: 800px) 100vw, 800px\" \/><\/a><\/figure><\/li><li class=\"blocks-gallery-item\"><figure><a href=\"https:\/\/aktion-eichhoernchen.de\/wp_aktion\/wp-content\/uploads\/2021\/03\/Lui_005.jpg\"><img loading=\"lazy\" decoding=\"async\" width=\"800\" height=\"533\" src=\"https:\/\/aktion-eichhoernchen.de\/wp_aktion\/wp-content\/uploads\/2021\/03\/Lui_005.jpg\" alt=\"\" data-id=\"785\" data-full-url=\"https:\/\/aktion-eichhoernchen.de\/wp_aktion\/wp-content\/uploads\/2021\/03\/Lui_005.jpg\" data-link=\"https:\/\/aktion-eichhoernchen.de\/wp_aktion\/?attachment_id=785\" class=\"wp-image-785\" srcset=\"https:\/\/aktion-eichhoernchen.de\/wp_aktion\/wp-content\/uploads\/2021\/03\/Lui_005.jpg 800w, https:\/\/aktion-eichhoernchen.de\/wp_aktion\/wp-content\/uploads\/2021\/03\/Lui_005-300x200.jpg 300w, https:\/\/aktion-eichhoernchen.de\/wp_aktion\/wp-content\/uploads\/2021\/03\/Lui_005-768x512.jpg 768w, https:\/\/aktion-eichhoernchen.de\/wp_aktion\/wp-content\/uploads\/2021\/03\/Lui_005-750x499.jpg 750w, https:\/\/aktion-eichhoernchen.de\/wp_aktion\/wp-content\/uploads\/2021\/03\/Lui_005-360x240.jpg 360w\" sizes=\"auto, (max-width: 800px) 100vw, 800px\" \/><\/a><\/figure><\/li><\/ul><\/figure>\n\n\n\n<p>Das \u00fcbliche Aufnahmeritual nimmt er gelassen hin, Scheu kennt er scheinbar nicht: Untersuchung, zur Ruhe kommen, und weil er ohne Unterlass schleckt, bekommt er schon ein paar Elektrolyte &#8211; Spritze und Sauger sind gar kein Problem, das klappt auf Anhieb, anschlie\u00dfend nach der \u00fcbliche Pipiprozedur (klappt, Pipi ist klar und riecht nicht)  Bubu bei seinem Gastvater auf dem Bauch (er sucht permanent N\u00e4he, ist mit der Unterbringung in einer Tragebox nicht einverstanden).<\/p>\n\n\n\n<p>Gegen Abend, nachdem er einige Stunden bei uns ist, der erste Versuch mit ein wenig Fox Valley-P\u00e4ppelmilch: klappt, der Herr hat Kohldampf, an einer Walnuss knabbert er auch herum, raspelt sie aber haupts\u00e4chlich klein, danach noch mal ein Schl\u00e4fchen.<\/p>\n\n\n\n<p>Nachts noch mal ein wenig Milch und Elos, zum Schlafen dann in die Tragebox, morgen gehts weiter.<\/p>\n\n\n\n<p>Sonntagmorgen l\u00e4sst er sich fr\u00fch wecken, Fr\u00fchst\u00fcck, Pipi, muntere Flohjagd, weil noch ein paar Krabbler da sind, anschlie\u00dfend ruhen. In seiner Schlafbox entdecken wir ein paar kleine schwarze harte K\u00f6ttel, also kein Durchfall, er riecht auch nicht mehr, seine Schlafunterlage ist an einer Ecke na\u00df: hat er selbst\u00e4ndig Urin abgesetzt? Mu\u00df fast so sein, eine Wasserschale hatten wir ihm nicht mitgegeben.<\/p>\n\n\n\n<figure class=\"wp-block-gallery columns-2 is-cropped wp-block-gallery-3 is-layout-flex wp-block-gallery-is-layout-flex\"><ul class=\"blocks-gallery-grid\"><li class=\"blocks-gallery-item\"><figure><img loading=\"lazy\" decoding=\"async\" width=\"800\" height=\"533\" src=\"https:\/\/aktion-eichhoernchen.de\/wp_aktion\/wp-content\/uploads\/2021\/03\/Lui_004.jpg\" alt=\"\" data-id=\"784\" data-full-url=\"https:\/\/aktion-eichhoernchen.de\/wp_aktion\/wp-content\/uploads\/2021\/03\/Lui_004.jpg\" data-link=\"https:\/\/aktion-eichhoernchen.de\/wp_aktion\/?attachment_id=784\" class=\"wp-image-784\" srcset=\"https:\/\/aktion-eichhoernchen.de\/wp_aktion\/wp-content\/uploads\/2021\/03\/Lui_004.jpg 800w, https:\/\/aktion-eichhoernchen.de\/wp_aktion\/wp-content\/uploads\/2021\/03\/Lui_004-300x200.jpg 300w, https:\/\/aktion-eichhoernchen.de\/wp_aktion\/wp-content\/uploads\/2021\/03\/Lui_004-768x512.jpg 768w, https:\/\/aktion-eichhoernchen.de\/wp_aktion\/wp-content\/uploads\/2021\/03\/Lui_004-750x499.jpg 750w, https:\/\/aktion-eichhoernchen.de\/wp_aktion\/wp-content\/uploads\/2021\/03\/Lui_004-360x240.jpg 360w\" sizes=\"auto, (max-width: 800px) 100vw, 800px\" \/><\/figure><\/li><li class=\"blocks-gallery-item\"><figure><img loading=\"lazy\" decoding=\"async\" width=\"800\" height=\"533\" src=\"https:\/\/aktion-eichhoernchen.de\/wp_aktion\/wp-content\/uploads\/2021\/03\/Lui_006.jpg\" alt=\"\" data-id=\"786\" data-full-url=\"https:\/\/aktion-eichhoernchen.de\/wp_aktion\/wp-content\/uploads\/2021\/03\/Lui_006.jpg\" data-link=\"https:\/\/aktion-eichhoernchen.de\/wp_aktion\/?attachment_id=786\" class=\"wp-image-786\" srcset=\"https:\/\/aktion-eichhoernchen.de\/wp_aktion\/wp-content\/uploads\/2021\/03\/Lui_006.jpg 800w, https:\/\/aktion-eichhoernchen.de\/wp_aktion\/wp-content\/uploads\/2021\/03\/Lui_006-300x200.jpg 300w, https:\/\/aktion-eichhoernchen.de\/wp_aktion\/wp-content\/uploads\/2021\/03\/Lui_006-768x512.jpg 768w, https:\/\/aktion-eichhoernchen.de\/wp_aktion\/wp-content\/uploads\/2021\/03\/Lui_006-750x499.jpg 750w, https:\/\/aktion-eichhoernchen.de\/wp_aktion\/wp-content\/uploads\/2021\/03\/Lui_006-360x240.jpg 360w\" sizes=\"auto, (max-width: 800px) 100vw, 800px\" \/><\/figure><\/li><\/ul><\/figure>\n\n\n\n<p>Wir bauen das Wohnzimmer auf die Bed\u00fcrfnisse eines Couchh\u00f6rnchens um, er sucht nach dem Durcheinander einen sicheren Platz unterm(!) Tipi und l\u00e4sst sich erst einmal nicht mehr sehen.<\/p>\n\n\n\n<p>Wir warten noch gespannt, ob noch weitere seiner Geschwister auftauchen, die Finder wollten die Augen offenhalten.<\/p>\n","protected":false},"excerpt":{"rendered":"<p>Aus aktuellem Anlass gibts einen au\u00dferplanm\u00e4\u00dfigen Beitrag&#8230;und in Zukunft dann immer Mittwochs morgens (den laden wir Dienstag Abend hoch) und bei Bedarf und Gelegenheit weitere: Lui hat uns gestern Mittag <a class=\"more-link\" href=\"https:\/\/aktion-eichhoernchen.de\/wp_aktion\/?p=780\">Continue Reading &rarr;<\/a><\/p>\n","protected":false},"author":1,"featured_media":0,"comment_status":"closed","ping_status":"open","sticky":false,"template":"","format":"standard","meta":{"footnotes":""},"categories":[6],"tags":[12,7,16,17,18,14,10,19,15,11,9,8],"class_list":["post-780","post","type-post","status-publish","format-standard","hentry","category-eichhoernchen","tag-auswilderung","tag-eichhoernchen","tag-gehege","tag-hoernchen","tag-lui","tag-motte","tag-natur","tag-notfall","tag-ratte","tag-rombergpark","tag-tierschutz","tag-wildwald"],"_links":{"self":[{"href":"https:\/\/aktion-eichhoernchen.de\/wp_aktion\/index.php?rest_route=\/wp\/v2\/posts\/780","targetHints":{"allow":["GET"]}}],"collection":[{"href":"https:\/\/aktion-eichhoernchen.de\/wp_aktion\/index.php?rest_route=\/wp\/v2\/posts"}],"about":[{"href":"https:\/\/aktion-eichhoernchen.de\/wp_aktion\/index.php?rest_route=\/wp\/v2\/types\/post"}],"author":[{"embeddable":true,"href":"https:\/\/aktion-eichhoernchen.de\/wp_aktion\/index.php?rest_route=\/wp\/v2\/users\/1"}],"replies":[{"embeddable":true,"href":"https:\/\/aktion-eichhoernchen.de\/wp_aktion\/index.php?rest_route=%2Fwp%2Fv2%2Fcomments&post=780"}],"version-history":[{"count":3,"href":"https:\/\/aktion-eichhoernchen.de\/wp_aktion\/index.php?rest_route=\/wp\/v2\/posts\/780\/revisions"}],"predecessor-version":[{"id":788,"href":"https:\/\/aktion-eichhoernchen.de\/wp_aktion\/index.php?rest_route=\/wp\/v2\/posts\/780\/revisions\/788"}],"wp:attachment":[{"href":"https:\/\/aktion-eichhoernchen.de\/wp_aktion\/index.php?rest_route=%2Fwp%2Fv2%2Fmedia&parent=780"}],"wp:term":[{"taxonomy":"category","embeddable":true,"href":"https:\/\/aktion-eichhoernchen.de\/wp_aktion\/index.php?rest_route=%2Fwp%2Fv2%2Fcategories&post=780"},{"taxonomy":"post_tag","embeddable":true,"href":"https:\/\/aktion-eichhoernchen.de\/wp_aktion\/index.php?rest_route=%2Fwp%2Fv2%2Ftags&post=780"}],"curies":[{"name":"wp","href":"https:\/\/api.w.org\/{rel}","templated":true}]}}