{"id":750,"date":"2021-03-05T19:01:41","date_gmt":"2021-03-05T19:01:41","guid":{"rendered":"https:\/\/aktion-eichhoernchen.de\/wp_aktion\/?p=750"},"modified":"2021-03-08T06:59:56","modified_gmt":"2021-03-08T06:59:56","slug":"06-03-2021","status":"publish","type":"post","link":"https:\/\/aktion-eichhoernchen.de\/wp_aktion\/?p=750","title":{"rendered":"06.03.2021"},"content":{"rendered":"\n<p>Mottes Problem ist erkannt: ihre Krallen (jedenfalls die an den &#8222;Zeigefingern&#8220;) sind bisher leider nicht gewachsen, sie sind noch so kurz wie bei einem S\u00e4ugling, vermutlich weil sie in dem Stadium Mangel gelitten hat. Somit kann sie eigentlich nur am Casanet klettern, einen Baumstamm gehts schlecht hoch, weil sie sich nicht richtig an der Rinde festkrallen kann. Jetzt m\u00fcssen wir herausfinden, ob es Aussichten gibt, dass sie wieder wachsen, sonst wird sie wohl ein Dauerbewohner des Residentengeheges werden. Waln\u00fcsse bekommt sie auch nur schlecht auf, sie hat den Trick noch nicht gefunden, mit dem sie die beiden Nu\u00dfh\u00e4lften sprengen kann, sie nagt immer ein kreisrundes Loch hinein wie eine Maus. Sie bekommt weiterhin Trainingsmaterial, an- und ungeknackt, irgendwann wird sie das schon raffen.<\/p>\n\n\n\n<p>Mary und Emma sind gut drauf, sie sehen prima aus und sind aktiv im Gehege, hier ein paar Impressionen:<\/p>\n\n\n\n<figure class=\"wp-block-gallery columns-3 is-cropped wp-block-gallery-2 is-layout-flex wp-block-gallery-is-layout-flex\"><ul class=\"blocks-gallery-grid\"><li class=\"blocks-gallery-item\"><figure><a href=\"https:\/\/aktion-eichhoernchen.de\/wp_aktion\/wp-content\/uploads\/2021\/03\/Mary_Emma_010.jpg\"><img loading=\"lazy\" decoding=\"async\" width=\"800\" height=\"533\" src=\"https:\/\/aktion-eichhoernchen.de\/wp_aktion\/wp-content\/uploads\/2021\/03\/Mary_Emma_010.jpg\" alt=\"\" data-id=\"759\" data-full-url=\"https:\/\/aktion-eichhoernchen.de\/wp_aktion\/wp-content\/uploads\/2021\/03\/Mary_Emma_010.jpg\" data-link=\"https:\/\/aktion-eichhoernchen.de\/wp_aktion\/?attachment_id=759\" class=\"wp-image-759\" srcset=\"https:\/\/aktion-eichhoernchen.de\/wp_aktion\/wp-content\/uploads\/2021\/03\/Mary_Emma_010.jpg 800w, https:\/\/aktion-eichhoernchen.de\/wp_aktion\/wp-content\/uploads\/2021\/03\/Mary_Emma_010-300x200.jpg 300w, https:\/\/aktion-eichhoernchen.de\/wp_aktion\/wp-content\/uploads\/2021\/03\/Mary_Emma_010-768x512.jpg 768w, https:\/\/aktion-eichhoernchen.de\/wp_aktion\/wp-content\/uploads\/2021\/03\/Mary_Emma_010-750x499.jpg 750w, https:\/\/aktion-eichhoernchen.de\/wp_aktion\/wp-content\/uploads\/2021\/03\/Mary_Emma_010-360x240.jpg 360w\" sizes=\"auto, (max-width: 800px) 100vw, 800px\" \/><\/a><\/figure><\/li><li class=\"blocks-gallery-item\"><figure><a href=\"https:\/\/aktion-eichhoernchen.de\/wp_aktion\/wp-content\/uploads\/2021\/03\/Mary_Emma_04.jpg\"><img loading=\"lazy\" decoding=\"async\" width=\"800\" height=\"533\" src=\"https:\/\/aktion-eichhoernchen.de\/wp_aktion\/wp-content\/uploads\/2021\/03\/Mary_Emma_04.jpg\" alt=\"\" data-id=\"758\" data-full-url=\"https:\/\/aktion-eichhoernchen.de\/wp_aktion\/wp-content\/uploads\/2021\/03\/Mary_Emma_04.jpg\" data-link=\"https:\/\/aktion-eichhoernchen.de\/wp_aktion\/?attachment_id=758\" class=\"wp-image-758\" srcset=\"https:\/\/aktion-eichhoernchen.de\/wp_aktion\/wp-content\/uploads\/2021\/03\/Mary_Emma_04.jpg 800w, https:\/\/aktion-eichhoernchen.de\/wp_aktion\/wp-content\/uploads\/2021\/03\/Mary_Emma_04-300x200.jpg 300w, https:\/\/aktion-eichhoernchen.de\/wp_aktion\/wp-content\/uploads\/2021\/03\/Mary_Emma_04-768x512.jpg 768w, https:\/\/aktion-eichhoernchen.de\/wp_aktion\/wp-content\/uploads\/2021\/03\/Mary_Emma_04-750x499.jpg 750w, https:\/\/aktion-eichhoernchen.de\/wp_aktion\/wp-content\/uploads\/2021\/03\/Mary_Emma_04-360x240.jpg 360w\" sizes=\"auto, (max-width: 800px) 100vw, 800px\" \/><\/a><\/figure><\/li><li class=\"blocks-gallery-item\"><figure><a href=\"https:\/\/aktion-eichhoernchen.de\/wp_aktion\/wp-content\/uploads\/2021\/03\/Mary_Emma_03.jpg\"><img loading=\"lazy\" decoding=\"async\" width=\"800\" height=\"533\" src=\"https:\/\/aktion-eichhoernchen.de\/wp_aktion\/wp-content\/uploads\/2021\/03\/Mary_Emma_03.jpg\" alt=\"\" data-id=\"757\" data-full-url=\"https:\/\/aktion-eichhoernchen.de\/wp_aktion\/wp-content\/uploads\/2021\/03\/Mary_Emma_03.jpg\" data-link=\"https:\/\/aktion-eichhoernchen.de\/wp_aktion\/?attachment_id=757\" class=\"wp-image-757\" srcset=\"https:\/\/aktion-eichhoernchen.de\/wp_aktion\/wp-content\/uploads\/2021\/03\/Mary_Emma_03.jpg 800w, https:\/\/aktion-eichhoernchen.de\/wp_aktion\/wp-content\/uploads\/2021\/03\/Mary_Emma_03-300x200.jpg 300w, https:\/\/aktion-eichhoernchen.de\/wp_aktion\/wp-content\/uploads\/2021\/03\/Mary_Emma_03-768x512.jpg 768w, https:\/\/aktion-eichhoernchen.de\/wp_aktion\/wp-content\/uploads\/2021\/03\/Mary_Emma_03-750x499.jpg 750w, https:\/\/aktion-eichhoernchen.de\/wp_aktion\/wp-content\/uploads\/2021\/03\/Mary_Emma_03-360x240.jpg 360w\" sizes=\"auto, (max-width: 800px) 100vw, 800px\" \/><\/a><\/figure><\/li><\/ul><\/figure>\n\n\n\n<p>P\u00e4ppelh\u00f6rnchen haben wir immer noch nicht, wir werden jetzt wo unser Verein tats\u00e4chlich geboren, anerkannt und eingetragen ist, noch einmal ein wenig die \u00d6ffentlichkeit suchen.<\/p>\n\n\n\n<p>In Mottes Gehege haben wir Buddelspuren gefunden, wir tippen auf eine Ratte, die vermutlich unter der Waldschule haust; wir haben mal die Wildkamera aufgeh\u00e4ngt, die sonst das Geschehen auf unserem Balkon filmt (dort ist im Moment aber auch mal so wirklich nix los) und wollen mal schauen, wen wir da so ertappen. <\/p>\n","protected":false},"excerpt":{"rendered":"<p>Mottes Problem ist erkannt: ihre Krallen (jedenfalls die an den &#8222;Zeigefingern&#8220;) sind bisher leider nicht gewachsen, sie sind noch so kurz wie bei einem S\u00e4ugling, vermutlich weil sie in dem <a class=\"more-link\" href=\"https:\/\/aktion-eichhoernchen.de\/wp_aktion\/?p=750\">Continue Reading &rarr;<\/a><\/p>\n","protected":false},"author":1,"featured_media":0,"comment_status":"closed","ping_status":"open","sticky":false,"template":"","format":"standard","meta":{"footnotes":""},"categories":[6],"tags":[12,7,14,10,9,13,8],"class_list":["post-750","post","type-post","status-publish","format-standard","hentry","category-eichhoernchen","tag-auswilderung","tag-eichhoernchen","tag-motte","tag-natur","tag-tierschutz","tag-wildschwein","tag-wildwald"],"_links":{"self":[{"href":"https:\/\/aktion-eichhoernchen.de\/wp_aktion\/index.php?rest_route=\/wp\/v2\/posts\/750","targetHints":{"allow":["GET"]}}],"collection":[{"href":"https:\/\/aktion-eichhoernchen.de\/wp_aktion\/index.php?rest_route=\/wp\/v2\/posts"}],"about":[{"href":"https:\/\/aktion-eichhoernchen.de\/wp_aktion\/index.php?rest_route=\/wp\/v2\/types\/post"}],"author":[{"embeddable":true,"href":"https:\/\/aktion-eichhoernchen.de\/wp_aktion\/index.php?rest_route=\/wp\/v2\/users\/1"}],"replies":[{"embeddable":true,"href":"https:\/\/aktion-eichhoernchen.de\/wp_aktion\/index.php?rest_route=%2Fwp%2Fv2%2Fcomments&post=750"}],"version-history":[{"count":5,"href":"https:\/\/aktion-eichhoernchen.de\/wp_aktion\/index.php?rest_route=\/wp\/v2\/posts\/750\/revisions"}],"predecessor-version":[{"id":762,"href":"https:\/\/aktion-eichhoernchen.de\/wp_aktion\/index.php?rest_route=\/wp\/v2\/posts\/750\/revisions\/762"}],"wp:attachment":[{"href":"https:\/\/aktion-eichhoernchen.de\/wp_aktion\/index.php?rest_route=%2Fwp%2Fv2%2Fmedia&parent=750"}],"wp:term":[{"taxonomy":"category","embeddable":true,"href":"https:\/\/aktion-eichhoernchen.de\/wp_aktion\/index.php?rest_route=%2Fwp%2Fv2%2Fcategories&post=750"},{"taxonomy":"post_tag","embeddable":true,"href":"https:\/\/aktion-eichhoernchen.de\/wp_aktion\/index.php?rest_route=%2Fwp%2Fv2%2Ftags&post=750"}],"curies":[{"name":"wp","href":"https:\/\/api.w.org\/{rel}","templated":true}]}}