{"id":7462,"date":"2024-04-03T06:27:21","date_gmt":"2024-04-03T06:27:21","guid":{"rendered":"https:\/\/aktion-eichhoernchen.de\/wp_aktion\/?p=7462"},"modified":"2024-04-03T06:51:27","modified_gmt":"2024-04-03T06:51:27","slug":"03-04-2024","status":"publish","type":"post","link":"https:\/\/aktion-eichhoernchen.de\/wp_aktion\/?p=7462","title":{"rendered":"03.04.2024"},"content":{"rendered":"\n<p><strong>&#8230; Katzenjammer &#8230;<\/strong><\/p>\n\n\n\n<p>Puh, das Wetter dr\u00fcckt ja schon auf&#8217;s Gem\u00fct und dann gibt es auch noch unangenehme Ereignisse: <\/p>\n\n\n\n<p><br>Wir haben gestern das <strong>Auswilderungsgehege<\/strong> noch mal grundgereinigt\/desinfiziert, am Freitag werden die Kobel mit Alpakawolle best\u00fcckt, die Futtern\u00e4pfe vorbereitet, das Futterseil von Anette und Gerhard aufgeh\u00e4ngt und die Seile f\u00fcr das Gehege m\u00fcssen wir heute\/morgen auch noch flechten, die kommen dann auch noch rein. <\/p>\n\n\n\n<p>Die ersten und letzten Umz\u00fcge im Jahr ins Auswilderungsgehege sind immer emotional behaftet. Keine Frage, die 5 im Wohnzimmer (Annalena, Claudia, Nancy, Robert und Olaf) sind superfit, die m\u00fcssen raus, die brauchen neuen Input, vor allem in Form von Wind, Regen, Waldger\u00e4uschen usw.. Sie m\u00fcssen sich bald da drau\u00dfen behaupten und das All-Inclusive-Hotel verlassen. Unsere Besuche beschr\u00e4nken sich dann auf 1x am Tag, ansonsten sind sie auf sich allein gestellt (aber sie haben nat\u00fcrlich noch Futter, Wasser und einen &#8222;Alpakakobel&#8220;), das gibt es drau\u00dfen dann nicht mehr. Aber drau\u00dfen sind Futterstationen, also ein sanfter Abschied von &#8222;All Inclusive&#8220;. Man gibt Veranwortung an die Tiere ab, das ist gut f\u00fcr uns, aber die Bedenken bleiben und man hat sie &#8222;lieb gewonnen&#8220;, auch wenn sie schon ordentlich zwicken k\u00f6nnen und uns verkratzen, das ist aber &#8222;im Spiel&#8220;, von ihnen nicht b\u00f6se gemeint.<\/p>\n\n\n<div class=\"wp-block-image\">\n<figure class=\"aligncenter size-full\"><img loading=\"lazy\" decoding=\"async\" width=\"450\" height=\"600\" src=\"https:\/\/aktion-eichhoernchen.de\/wp_aktion\/wp-content\/uploads\/2024\/04\/0001165.jpg\" alt=\"\" class=\"wp-image-7465\" srcset=\"https:\/\/aktion-eichhoernchen.de\/wp_aktion\/wp-content\/uploads\/2024\/04\/0001165.jpg 450w, https:\/\/aktion-eichhoernchen.de\/wp_aktion\/wp-content\/uploads\/2024\/04\/0001165-225x300.jpg 225w\" sizes=\"auto, (max-width: 450px) 100vw, 450px\" \/><\/figure>\n<\/div>\n\n\n<p>Dann zu dem n\u00e4chsten Problem:<strong> Cooper und Copper<\/strong>, unsere 2 Kryptoh\u00f6rnchen, werden leider immer unkooperativer. Die Medies m\u00fcssen rein, die werden auch nicht toll schmecken (wir haben sie nicht probiert), aber sie bei\u00dfen, fauchen, zicken rum (obwohl beide m\u00e4nnlichen Geschlechts), es ist jeden Tag ein Kampf, blutige H\u00e4nde inbegriffen. Wir versuchen es mit dickeren Handschuhen, die bei\u00dfen einfach durch Einweghandschuhe durch. Die brauchen wir aber, damit wir nichts auf die anderen H\u00f6rnchen \u00fcbertragen. Also, 3 Handschuhe \u00fcbereinander, dann k\u00f6nnen wir die schmalen Tierchen nicht mehr &#8222;festhalten&#8220;, das ist alles zu dick. Wir drehen uns im Kreis. Aber, wir werden heute Kontakt zu einer anderen Pflegestelle aufnehmen und h\u00f6ren, was sie dazu sagt. <\/p>\n\n\n\n<p>Das n\u00e4chste Ereignis: <strong>Oskar<\/strong> hat eine lahmende Vorderpfote, setzt er \u00fcberhaupt nicht auf. Also ab zur Tier\u00e4rztin. Da wenigstens eine gute Nachricht, es ist nichts gebrochen, aber er bekommt Schmerzmittel und Hom\u00f6opatisches zur Genesung. <\/p>\n\n\n\n<p>Und als Letztes kam noch <strong>Lissy<\/strong> gestern an. Danke an die Finder, die sie uns gebracht haben. Auf die erste Milch leichter Durchfall, sitzt aber schon bei Tassilo und Oskar. Da m\u00fcssen wir abwarten und ggfs. auch behandeln. Ziel w\u00e4re, sie zusammen mit Coopie, Coopiene, Fips und Gipsy ins Wohnzimmer zu bringen, das w\u00e4ren dann 7, dann ist hier auch &#8222;Aufnahmestopp&#8220;, mehr als 7 geht nicht im Auswilderungsgehege. <\/p>\n\n\n<div class=\"wp-block-image\">\n<figure class=\"aligncenter size-full\"><img loading=\"lazy\" decoding=\"async\" width=\"450\" height=\"600\" src=\"https:\/\/aktion-eichhoernchen.de\/wp_aktion\/wp-content\/uploads\/2024\/04\/0001166.jpg\" alt=\"\" class=\"wp-image-7464\" srcset=\"https:\/\/aktion-eichhoernchen.de\/wp_aktion\/wp-content\/uploads\/2024\/04\/0001166.jpg 450w, https:\/\/aktion-eichhoernchen.de\/wp_aktion\/wp-content\/uploads\/2024\/04\/0001166-225x300.jpg 225w\" sizes=\"auto, (max-width: 450px) 100vw, 450px\" \/><\/figure>\n<\/div>\n\n\n<p>Aber, es gibt auch Positives zu berichten, 2 neue Videos sind &#8222;online&#8220;, schaut mal hier: <\/p>\n\n\n\n<p><a href=\"https:\/\/www.youtube.com\/watch?v=sc-Tm4xy4QQ\" data-type=\"link\" data-id=\"https:\/\/www.youtube.com\/watch?v=sc-Tm4xy4QQ\">Annalena, Claudia, Nancy, Olaf und Robert<\/a><\/p>\n\n\n\n<p><a href=\"https:\/\/www.youtube.com\/watch?v=3cSg1jCaZxY\" data-type=\"link\" data-id=\"https:\/\/www.youtube.com\/watch?v=3cSg1jCaZxY\">Eichh\u00f6rnchen Annalena und Co<\/a><\/p>\n\n\n\n<p><\/p>\n","protected":false},"excerpt":{"rendered":"<p>&#8230; Katzenjammer &#8230; Puh, das Wetter dr\u00fcckt ja schon auf&#8217;s Gem\u00fct und dann gibt es auch noch unangenehme Ereignisse: Wir haben gestern das Auswilderungsgehege noch mal grundgereinigt\/desinfiziert, am Freitag werden <a class=\"more-link\" href=\"https:\/\/aktion-eichhoernchen.de\/wp_aktion\/?p=7462\">Continue Reading &rarr;<\/a><\/p>\n","protected":false},"author":1,"featured_media":0,"comment_status":"closed","ping_status":"open","sticky":false,"template":"","format":"standard","meta":{"footnotes":""},"categories":[6],"tags":[],"class_list":["post-7462","post","type-post","status-publish","format-standard","hentry","category-eichhoernchen"],"_links":{"self":[{"href":"https:\/\/aktion-eichhoernchen.de\/wp_aktion\/index.php?rest_route=\/wp\/v2\/posts\/7462","targetHints":{"allow":["GET"]}}],"collection":[{"href":"https:\/\/aktion-eichhoernchen.de\/wp_aktion\/index.php?rest_route=\/wp\/v2\/posts"}],"about":[{"href":"https:\/\/aktion-eichhoernchen.de\/wp_aktion\/index.php?rest_route=\/wp\/v2\/types\/post"}],"author":[{"embeddable":true,"href":"https:\/\/aktion-eichhoernchen.de\/wp_aktion\/index.php?rest_route=\/wp\/v2\/users\/1"}],"replies":[{"embeddable":true,"href":"https:\/\/aktion-eichhoernchen.de\/wp_aktion\/index.php?rest_route=%2Fwp%2Fv2%2Fcomments&post=7462"}],"version-history":[{"count":4,"href":"https:\/\/aktion-eichhoernchen.de\/wp_aktion\/index.php?rest_route=\/wp\/v2\/posts\/7462\/revisions"}],"predecessor-version":[{"id":7470,"href":"https:\/\/aktion-eichhoernchen.de\/wp_aktion\/index.php?rest_route=\/wp\/v2\/posts\/7462\/revisions\/7470"}],"wp:attachment":[{"href":"https:\/\/aktion-eichhoernchen.de\/wp_aktion\/index.php?rest_route=%2Fwp%2Fv2%2Fmedia&parent=7462"}],"wp:term":[{"taxonomy":"category","embeddable":true,"href":"https:\/\/aktion-eichhoernchen.de\/wp_aktion\/index.php?rest_route=%2Fwp%2Fv2%2Fcategories&post=7462"},{"taxonomy":"post_tag","embeddable":true,"href":"https:\/\/aktion-eichhoernchen.de\/wp_aktion\/index.php?rest_route=%2Fwp%2Fv2%2Ftags&post=7462"}],"curies":[{"name":"wp","href":"https:\/\/api.w.org\/{rel}","templated":true}]}}