{"id":7404,"date":"2024-03-30T21:51:33","date_gmt":"2024-03-30T21:51:33","guid":{"rendered":"https:\/\/aktion-eichhoernchen.de\/wp_aktion\/?p=7404"},"modified":"2024-03-30T21:56:13","modified_gmt":"2024-03-30T21:56:13","slug":"30-03-2024","status":"publish","type":"post","link":"https:\/\/aktion-eichhoernchen.de\/wp_aktion\/?p=7404","title":{"rendered":"30.03.2024"},"content":{"rendered":"\n<p><strong>Letzter Winterzeittag &#8230;<\/strong><\/p>\n\n\n\n<p>Die Notrufe nehmen leider nicht ab, eher zu. Aber bevor wir auf die Schnelle berichten, noch ein gro\u00dfes Dankesch\u00f6n an unsere Spender Monika, Alejandro, Christine und Verena &#8230; vielen, vielen Dank!!!!<\/p>\n\n\n\n<p>Jetzt aber zu unseren Notf\u00e4llen von heute: <\/p>\n\n\n\n<p><strong>&#8222;Zweigi&#8220;<\/strong> aus der Stefan-Zweig-Stra\u00dfe in Unna; 138g, ca. 8 Wochen, aber apathisch und schwach, deshalb konnte sie von den Findern auch einfach &#8222;eingepackt&#8220; werden, vielen Dank daf\u00fcr! Wir vermuten, dass es das gleiche H\u00f6rnchen ist, das wir vor ein paar Tagen in der N\u00e4he nicht einfangen konnten. Was sie hat, ist aktuell noch \u00fcberhaupt nicht klar. Pipi ist ok, der Popo nicht von Durchfall verklebt und kaum Fl\u00f6he. Aber super schwach. Wir haben eine Erstversorgung gemacht, ihr alles gegeben was m\u00f6glich ist, jetzt muss die &#8222;kurze&#8220; Nacht entscheiden, ob sie es packt. <\/p>\n\n\n\n<figure class=\"wp-block-gallery has-nested-images columns-default is-cropped wp-block-gallery-2 is-layout-flex wp-block-gallery-is-layout-flex\">\n<figure class=\"wp-block-image size-large\"><a href=\"https:\/\/aktion-eichhoernchen.de\/wp_aktion\/wp-content\/uploads\/2024\/03\/0001129.jpg\" target=\"_blank\" rel=\"noopener\"><img loading=\"lazy\" decoding=\"async\" width=\"600\" height=\"450\" data-id=\"7406\" src=\"https:\/\/aktion-eichhoernchen.de\/wp_aktion\/wp-content\/uploads\/2024\/03\/0001129.jpg\" alt=\"\" class=\"wp-image-7406\" srcset=\"https:\/\/aktion-eichhoernchen.de\/wp_aktion\/wp-content\/uploads\/2024\/03\/0001129.jpg 600w, https:\/\/aktion-eichhoernchen.de\/wp_aktion\/wp-content\/uploads\/2024\/03\/0001129-300x225.jpg 300w\" sizes=\"auto, (max-width: 600px) 100vw, 600px\" \/><\/a><\/figure>\n\n\n\n<figure class=\"wp-block-image size-large\"><a href=\"https:\/\/aktion-eichhoernchen.de\/wp_aktion\/wp-content\/uploads\/2024\/03\/0001130.jpg\" target=\"_blank\" rel=\"noopener\"><img loading=\"lazy\" decoding=\"async\" width=\"600\" height=\"450\" data-id=\"7407\" src=\"https:\/\/aktion-eichhoernchen.de\/wp_aktion\/wp-content\/uploads\/2024\/03\/0001130.jpg\" alt=\"\" class=\"wp-image-7407\" srcset=\"https:\/\/aktion-eichhoernchen.de\/wp_aktion\/wp-content\/uploads\/2024\/03\/0001130.jpg 600w, https:\/\/aktion-eichhoernchen.de\/wp_aktion\/wp-content\/uploads\/2024\/03\/0001130-300x225.jpg 300w\" sizes=\"auto, (max-width: 600px) 100vw, 600px\" \/><\/a><\/figure>\n\n\n\n<figure class=\"wp-block-image size-large\"><a href=\"https:\/\/aktion-eichhoernchen.de\/wp_aktion\/wp-content\/uploads\/2024\/03\/0001132.jpg\" target=\"_blank\" rel=\"noopener\"><img loading=\"lazy\" decoding=\"async\" width=\"600\" height=\"450\" data-id=\"7408\" src=\"https:\/\/aktion-eichhoernchen.de\/wp_aktion\/wp-content\/uploads\/2024\/03\/0001132.jpg\" alt=\"\" class=\"wp-image-7408\" srcset=\"https:\/\/aktion-eichhoernchen.de\/wp_aktion\/wp-content\/uploads\/2024\/03\/0001132.jpg 600w, https:\/\/aktion-eichhoernchen.de\/wp_aktion\/wp-content\/uploads\/2024\/03\/0001132-300x225.jpg 300w\" sizes=\"auto, (max-width: 600px) 100vw, 600px\" \/><\/a><\/figure>\n<\/figure>\n\n\n\n<p>Der n\u00e4chste Notfall, auch aus Unna, diesmal Gartenstra\u00dfe, genannt <strong>Gipsy,<\/strong> ca. 6 Wochen, 118g schwer. Rannte den Kindern an den Hosenbeinen hoch. Von den Eltern eingepackt und an uns \u00fcbergeben. Gipsy hat auch keine Fl\u00f6he, braucht aber zwingend noch Milch, die Oberz\u00e4hne sind gerade am &#8222;durchbrechen&#8220;, d.h. feste Nahrung geht noch nicht, naja, vielleicht mal ein Butterkeks, den wir in die Milch tunken. Aber Milch gibt es in den ersten 24 Stunden nicht, da gibt es nur Elektrolyte und dann, dann kommt die ber\u00fchmte Squirrelmilch. Trinkt gerne, Pipi sieht gut aus, aber die Hinterlassenschaften kennen wir noch nicht. Aktuell macht sich Gipsy im Unterhemd breit. Sie hat noch erh\u00f6hrten W\u00e4rmebedarf. \u00dcber die Nacht w\u00e4re sie mit Sicherheit nicht gekommen. <\/p>\n\n\n\n<figure class=\"wp-block-gallery has-nested-images columns-default is-cropped wp-block-gallery-3 is-layout-flex wp-block-gallery-is-layout-flex\">\n<figure class=\"wp-block-image size-large\"><a href=\"https:\/\/aktion-eichhoernchen.de\/wp_aktion\/?attachment_id=7409#main\"><img loading=\"lazy\" decoding=\"async\" width=\"450\" height=\"600\" data-id=\"7409\" src=\"https:\/\/aktion-eichhoernchen.de\/wp_aktion\/wp-content\/uploads\/2024\/03\/0001126.jpg\" alt=\"\" class=\"wp-image-7409\" srcset=\"https:\/\/aktion-eichhoernchen.de\/wp_aktion\/wp-content\/uploads\/2024\/03\/0001126.jpg 450w, https:\/\/aktion-eichhoernchen.de\/wp_aktion\/wp-content\/uploads\/2024\/03\/0001126-225x300.jpg 225w\" sizes=\"auto, (max-width: 450px) 100vw, 450px\" \/><\/a><\/figure>\n\n\n\n<figure class=\"wp-block-image size-large\"><a href=\"https:\/\/aktion-eichhoernchen.de\/wp_aktion\/?attachment_id=7410#main\"><img loading=\"lazy\" decoding=\"async\" width=\"450\" height=\"600\" data-id=\"7410\" src=\"https:\/\/aktion-eichhoernchen.de\/wp_aktion\/wp-content\/uploads\/2024\/03\/0001127.jpg\" alt=\"\" class=\"wp-image-7410\" srcset=\"https:\/\/aktion-eichhoernchen.de\/wp_aktion\/wp-content\/uploads\/2024\/03\/0001127.jpg 450w, https:\/\/aktion-eichhoernchen.de\/wp_aktion\/wp-content\/uploads\/2024\/03\/0001127-225x300.jpg 225w\" sizes=\"auto, (max-width: 450px) 100vw, 450px\" \/><\/a><\/figure>\n<\/figure>\n\n\n\n<p>Auch noch ein gro\u00dfes Dankesch\u00f6n an Susanne in Kurl, die uns zur Gartenbesichtigung eingeladen hat. Das Gel\u00e4nde f\u00fcr ein zus\u00e4tzliches Auswilderungsgehege ist perfekt, in der N\u00e4he des Waldrandes. Jetzt geht die Planerei los &#8230; wir berichten. <\/p>\n\n\n\n<p>Und weil das Wetter so sch\u00f6n ist, die Temperaturen laden ja f\u00f6rmlich zum Osterspaziergang ein, waren wir nat\u00fcrlich auch im Wildwald. Das Residentengehege ist fertig und im R\u00fcckspiegel gibt es ein sch\u00f6nes Bild:<\/p>\n\n\n<div class=\"wp-block-image\">\n<figure class=\"aligncenter size-full\"><img loading=\"lazy\" decoding=\"async\" width=\"600\" height=\"450\" src=\"https:\/\/aktion-eichhoernchen.de\/wp_aktion\/wp-content\/uploads\/2024\/03\/0001066-1.jpg\" alt=\"\" class=\"wp-image-7411\" srcset=\"https:\/\/aktion-eichhoernchen.de\/wp_aktion\/wp-content\/uploads\/2024\/03\/0001066-1.jpg 600w, https:\/\/aktion-eichhoernchen.de\/wp_aktion\/wp-content\/uploads\/2024\/03\/0001066-1-300x225.jpg 300w\" sizes=\"auto, (max-width: 600px) 100vw, 600px\" \/><\/figure>\n<\/div>\n\n\n<p>\u00dcber den Rest der H\u00f6rnchen berichten wir dann im April, dann k\u00f6nnen wir auch schon was \u00fcber unsere Notfellchen berichten. Jetzt ist aber erst mal &#8222;Ostereiersuchen&#8220; angesagt. Viel Spa\u00df dabei!<\/p>\n","protected":false},"excerpt":{"rendered":"<p>Letzter Winterzeittag &#8230; Die Notrufe nehmen leider nicht ab, eher zu. Aber bevor wir auf die Schnelle berichten, noch ein gro\u00dfes Dankesch\u00f6n an unsere Spender Monika, Alejandro, Christine und Verena <a class=\"more-link\" href=\"https:\/\/aktion-eichhoernchen.de\/wp_aktion\/?p=7404\">Continue Reading &rarr;<\/a><\/p>\n","protected":false},"author":1,"featured_media":0,"comment_status":"closed","ping_status":"open","sticky":false,"template":"","format":"standard","meta":{"footnotes":""},"categories":[6],"tags":[],"class_list":["post-7404","post","type-post","status-publish","format-standard","hentry","category-eichhoernchen"],"_links":{"self":[{"href":"https:\/\/aktion-eichhoernchen.de\/wp_aktion\/index.php?rest_route=\/wp\/v2\/posts\/7404","targetHints":{"allow":["GET"]}}],"collection":[{"href":"https:\/\/aktion-eichhoernchen.de\/wp_aktion\/index.php?rest_route=\/wp\/v2\/posts"}],"about":[{"href":"https:\/\/aktion-eichhoernchen.de\/wp_aktion\/index.php?rest_route=\/wp\/v2\/types\/post"}],"author":[{"embeddable":true,"href":"https:\/\/aktion-eichhoernchen.de\/wp_aktion\/index.php?rest_route=\/wp\/v2\/users\/1"}],"replies":[{"embeddable":true,"href":"https:\/\/aktion-eichhoernchen.de\/wp_aktion\/index.php?rest_route=%2Fwp%2Fv2%2Fcomments&post=7404"}],"version-history":[{"count":2,"href":"https:\/\/aktion-eichhoernchen.de\/wp_aktion\/index.php?rest_route=\/wp\/v2\/posts\/7404\/revisions"}],"predecessor-version":[{"id":7414,"href":"https:\/\/aktion-eichhoernchen.de\/wp_aktion\/index.php?rest_route=\/wp\/v2\/posts\/7404\/revisions\/7414"}],"wp:attachment":[{"href":"https:\/\/aktion-eichhoernchen.de\/wp_aktion\/index.php?rest_route=%2Fwp%2Fv2%2Fmedia&parent=7404"}],"wp:term":[{"taxonomy":"category","embeddable":true,"href":"https:\/\/aktion-eichhoernchen.de\/wp_aktion\/index.php?rest_route=%2Fwp%2Fv2%2Fcategories&post=7404"},{"taxonomy":"post_tag","embeddable":true,"href":"https:\/\/aktion-eichhoernchen.de\/wp_aktion\/index.php?rest_route=%2Fwp%2Fv2%2Ftags&post=7404"}],"curies":[{"name":"wp","href":"https:\/\/api.w.org\/{rel}","templated":true}]}}