{"id":727,"date":"2021-02-26T19:26:11","date_gmt":"2021-02-26T19:26:11","guid":{"rendered":"https:\/\/aktion-eichhoernchen.de\/wp_aktion\/?p=727"},"modified":"2021-02-26T19:28:59","modified_gmt":"2021-02-26T19:28:59","slug":"27-02-2021","status":"publish","type":"post","link":"https:\/\/aktion-eichhoernchen.de\/wp_aktion\/?p=727","title":{"rendered":"27.02.2021"},"content":{"rendered":"\n<p>Letzten Samstag haben wir das Au\u00dfengehege eingerichtet, jetzt sieht es ungef\u00e4hr so aus, wie wir uns das vorgestellt haben. Anschlie\u00dfend eine Runde durch den Wald gedreht und 5 Wildschweine gesehen, nur ein paar Meter von uns entfernt, die den Boden umgew\u00fchlt haben ohne uns aus den Augen zu lassen. Tolles Erlebnis, monatelang keine mehr gesehen, und jetzt gleich so nah&#8230;sie waren keine Frischlinge mehr aber ganz sicher auch noch nicht erwachsen. Und das bei 14 Grad am 20. Februar&#8230;<\/p>\n\n\n\n<p>Die H\u00f6rnchen im Wald und im Gehege werden aktiver, diese Temperaturen behagen ihnen mehr. Bl\u00f6d nur, dass der Wald noch nicht zu der W\u00e4rme passt, kaum gr\u00fcn, wenig Schutz und wenig frische Nahrung, hoffentlich reichen die Vorr\u00e4te noch.<\/p>\n\n\n\n<p>Am Montag konnten wir Motte umsiedeln vom Residenten- ins neue Auswilderungsgehege, leider hat sie Steffi &#8222;zum Fressen gern&#8220; und drei Mal  gebissen, sogar durch einen Handschuh hindurch.<\/p>\n\n\n\n<figure class=\"wp-block-gallery columns-3 is-cropped wp-block-gallery-2 is-layout-flex wp-block-gallery-is-layout-flex\"><ul class=\"blocks-gallery-grid\"><li class=\"blocks-gallery-item\"><figure><a href=\"https:\/\/aktion-eichhoernchen.de\/wp_aktion\/wp-content\/uploads\/2021\/02\/WiWa_0102.jpg\"><img loading=\"lazy\" decoding=\"async\" width=\"800\" height=\"600\" src=\"https:\/\/aktion-eichhoernchen.de\/wp_aktion\/wp-content\/uploads\/2021\/02\/WiWa_0102.jpg\" alt=\"\" data-id=\"732\" data-full-url=\"https:\/\/aktion-eichhoernchen.de\/wp_aktion\/wp-content\/uploads\/2021\/02\/WiWa_0102.jpg\" data-link=\"https:\/\/aktion-eichhoernchen.de\/wp_aktion\/?attachment_id=732\" class=\"wp-image-732\" srcset=\"https:\/\/aktion-eichhoernchen.de\/wp_aktion\/wp-content\/uploads\/2021\/02\/WiWa_0102.jpg 800w, https:\/\/aktion-eichhoernchen.de\/wp_aktion\/wp-content\/uploads\/2021\/02\/WiWa_0102-300x225.jpg 300w, https:\/\/aktion-eichhoernchen.de\/wp_aktion\/wp-content\/uploads\/2021\/02\/WiWa_0102-768x576.jpg 768w\" sizes=\"auto, (max-width: 800px) 100vw, 800px\" \/><\/a><\/figure><\/li><li class=\"blocks-gallery-item\"><figure><a href=\"https:\/\/aktion-eichhoernchen.de\/wp_aktion\/wp-content\/uploads\/2021\/02\/WiWa_095.jpg\"><img loading=\"lazy\" decoding=\"async\" width=\"800\" height=\"533\" src=\"https:\/\/aktion-eichhoernchen.de\/wp_aktion\/wp-content\/uploads\/2021\/02\/WiWa_095.jpg\" alt=\"\" data-id=\"731\" data-full-url=\"https:\/\/aktion-eichhoernchen.de\/wp_aktion\/wp-content\/uploads\/2021\/02\/WiWa_095.jpg\" data-link=\"https:\/\/aktion-eichhoernchen.de\/wp_aktion\/?attachment_id=731\" class=\"wp-image-731\" srcset=\"https:\/\/aktion-eichhoernchen.de\/wp_aktion\/wp-content\/uploads\/2021\/02\/WiWa_095.jpg 800w, https:\/\/aktion-eichhoernchen.de\/wp_aktion\/wp-content\/uploads\/2021\/02\/WiWa_095-300x200.jpg 300w, https:\/\/aktion-eichhoernchen.de\/wp_aktion\/wp-content\/uploads\/2021\/02\/WiWa_095-768x512.jpg 768w, https:\/\/aktion-eichhoernchen.de\/wp_aktion\/wp-content\/uploads\/2021\/02\/WiWa_095-750x499.jpg 750w, https:\/\/aktion-eichhoernchen.de\/wp_aktion\/wp-content\/uploads\/2021\/02\/WiWa_095-360x240.jpg 360w\" sizes=\"auto, (max-width: 800px) 100vw, 800px\" \/><\/a><\/figure><\/li><li class=\"blocks-gallery-item\"><figure><a href=\"https:\/\/aktion-eichhoernchen.de\/wp_aktion\/wp-content\/uploads\/2021\/02\/WiWa_090.jpg\"><img loading=\"lazy\" decoding=\"async\" width=\"800\" height=\"533\" src=\"https:\/\/aktion-eichhoernchen.de\/wp_aktion\/wp-content\/uploads\/2021\/02\/WiWa_090.jpg\" alt=\"\" data-id=\"730\" data-full-url=\"https:\/\/aktion-eichhoernchen.de\/wp_aktion\/wp-content\/uploads\/2021\/02\/WiWa_090.jpg\" data-link=\"https:\/\/aktion-eichhoernchen.de\/wp_aktion\/?attachment_id=730\" class=\"wp-image-730\" srcset=\"https:\/\/aktion-eichhoernchen.de\/wp_aktion\/wp-content\/uploads\/2021\/02\/WiWa_090.jpg 800w, https:\/\/aktion-eichhoernchen.de\/wp_aktion\/wp-content\/uploads\/2021\/02\/WiWa_090-300x200.jpg 300w, https:\/\/aktion-eichhoernchen.de\/wp_aktion\/wp-content\/uploads\/2021\/02\/WiWa_090-768x512.jpg 768w, https:\/\/aktion-eichhoernchen.de\/wp_aktion\/wp-content\/uploads\/2021\/02\/WiWa_090-750x499.jpg 750w, https:\/\/aktion-eichhoernchen.de\/wp_aktion\/wp-content\/uploads\/2021\/02\/WiWa_090-360x240.jpg 360w\" sizes=\"auto, (max-width: 800px) 100vw, 800px\" \/><\/a><\/figure><\/li><\/ul><\/figure>\n\n\n\n<p>Jetzt k\u00f6nnen wir sie besser beobachten und schauen, ob wir sie wirklich auwildern k\u00f6nnen.<\/p>\n\n\n\n<p>Hier noch ein paar Eindr\u00fccke von unseren Runden im Wald:<\/p>\n\n\n\n<figure class=\"wp-block-gallery columns-3 is-cropped wp-block-gallery-3 is-layout-flex wp-block-gallery-is-layout-flex\"><ul class=\"blocks-gallery-grid\"><li class=\"blocks-gallery-item\"><figure><a href=\"https:\/\/aktion-eichhoernchen.de\/wp_aktion\/wp-content\/uploads\/2021\/02\/WiWa_071.jpg\"><img loading=\"lazy\" decoding=\"async\" width=\"800\" height=\"600\" src=\"https:\/\/aktion-eichhoernchen.de\/wp_aktion\/wp-content\/uploads\/2021\/02\/WiWa_071.jpg\" alt=\"\" data-id=\"734\" data-full-url=\"https:\/\/aktion-eichhoernchen.de\/wp_aktion\/wp-content\/uploads\/2021\/02\/WiWa_071.jpg\" data-link=\"https:\/\/aktion-eichhoernchen.de\/wp_aktion\/?attachment_id=734\" class=\"wp-image-734\" srcset=\"https:\/\/aktion-eichhoernchen.de\/wp_aktion\/wp-content\/uploads\/2021\/02\/WiWa_071.jpg 800w, https:\/\/aktion-eichhoernchen.de\/wp_aktion\/wp-content\/uploads\/2021\/02\/WiWa_071-300x225.jpg 300w, https:\/\/aktion-eichhoernchen.de\/wp_aktion\/wp-content\/uploads\/2021\/02\/WiWa_071-768x576.jpg 768w\" sizes=\"auto, (max-width: 800px) 100vw, 800px\" \/><\/a><\/figure><\/li><li class=\"blocks-gallery-item\"><figure><a href=\"https:\/\/aktion-eichhoernchen.de\/wp_aktion\/wp-content\/uploads\/2021\/02\/WiWa_098.jpg\"><img loading=\"lazy\" decoding=\"async\" width=\"800\" height=\"533\" src=\"https:\/\/aktion-eichhoernchen.de\/wp_aktion\/wp-content\/uploads\/2021\/02\/WiWa_098.jpg\" alt=\"\" data-id=\"735\" data-full-url=\"https:\/\/aktion-eichhoernchen.de\/wp_aktion\/wp-content\/uploads\/2021\/02\/WiWa_098.jpg\" data-link=\"https:\/\/aktion-eichhoernchen.de\/wp_aktion\/?attachment_id=735\" class=\"wp-image-735\" srcset=\"https:\/\/aktion-eichhoernchen.de\/wp_aktion\/wp-content\/uploads\/2021\/02\/WiWa_098.jpg 800w, https:\/\/aktion-eichhoernchen.de\/wp_aktion\/wp-content\/uploads\/2021\/02\/WiWa_098-300x200.jpg 300w, https:\/\/aktion-eichhoernchen.de\/wp_aktion\/wp-content\/uploads\/2021\/02\/WiWa_098-768x512.jpg 768w, https:\/\/aktion-eichhoernchen.de\/wp_aktion\/wp-content\/uploads\/2021\/02\/WiWa_098-750x499.jpg 750w, https:\/\/aktion-eichhoernchen.de\/wp_aktion\/wp-content\/uploads\/2021\/02\/WiWa_098-360x240.jpg 360w\" sizes=\"auto, (max-width: 800px) 100vw, 800px\" \/><\/a><\/figure><\/li><li class=\"blocks-gallery-item\"><figure><a href=\"https:\/\/aktion-eichhoernchen.de\/wp_aktion\/wp-content\/uploads\/2021\/02\/WiWa_068.jpg\"><img loading=\"lazy\" decoding=\"async\" width=\"800\" height=\"600\" src=\"https:\/\/aktion-eichhoernchen.de\/wp_aktion\/wp-content\/uploads\/2021\/02\/WiWa_068.jpg\" alt=\"\" data-id=\"733\" data-full-url=\"https:\/\/aktion-eichhoernchen.de\/wp_aktion\/wp-content\/uploads\/2021\/02\/WiWa_068.jpg\" data-link=\"https:\/\/aktion-eichhoernchen.de\/wp_aktion\/?attachment_id=733\" class=\"wp-image-733\" srcset=\"https:\/\/aktion-eichhoernchen.de\/wp_aktion\/wp-content\/uploads\/2021\/02\/WiWa_068.jpg 800w, https:\/\/aktion-eichhoernchen.de\/wp_aktion\/wp-content\/uploads\/2021\/02\/WiWa_068-300x225.jpg 300w, https:\/\/aktion-eichhoernchen.de\/wp_aktion\/wp-content\/uploads\/2021\/02\/WiWa_068-768x576.jpg 768w\" sizes=\"auto, (max-width: 800px) 100vw, 800px\" \/><\/a><\/figure><\/li><\/ul><\/figure>\n","protected":false},"excerpt":{"rendered":"<p>Letzten Samstag haben wir das Au\u00dfengehege eingerichtet, jetzt sieht es ungef\u00e4hr so aus, wie wir uns das vorgestellt haben. Anschlie\u00dfend eine Runde durch den Wald gedreht und 5 Wildschweine gesehen, <a class=\"more-link\" href=\"https:\/\/aktion-eichhoernchen.de\/wp_aktion\/?p=727\">Continue Reading &rarr;<\/a><\/p>\n","protected":false},"author":1,"featured_media":0,"comment_status":"closed","ping_status":"open","sticky":false,"template":"","format":"standard","meta":{"footnotes":""},"categories":[6],"tags":[12,7,14,10,9,13,8],"class_list":["post-727","post","type-post","status-publish","format-standard","hentry","category-eichhoernchen","tag-auswilderung","tag-eichhoernchen","tag-motte","tag-natur","tag-tierschutz","tag-wildschwein","tag-wildwald"],"_links":{"self":[{"href":"https:\/\/aktion-eichhoernchen.de\/wp_aktion\/index.php?rest_route=\/wp\/v2\/posts\/727","targetHints":{"allow":["GET"]}}],"collection":[{"href":"https:\/\/aktion-eichhoernchen.de\/wp_aktion\/index.php?rest_route=\/wp\/v2\/posts"}],"about":[{"href":"https:\/\/aktion-eichhoernchen.de\/wp_aktion\/index.php?rest_route=\/wp\/v2\/types\/post"}],"author":[{"embeddable":true,"href":"https:\/\/aktion-eichhoernchen.de\/wp_aktion\/index.php?rest_route=\/wp\/v2\/users\/1"}],"replies":[{"embeddable":true,"href":"https:\/\/aktion-eichhoernchen.de\/wp_aktion\/index.php?rest_route=%2Fwp%2Fv2%2Fcomments&post=727"}],"version-history":[{"count":3,"href":"https:\/\/aktion-eichhoernchen.de\/wp_aktion\/index.php?rest_route=\/wp\/v2\/posts\/727\/revisions"}],"predecessor-version":[{"id":736,"href":"https:\/\/aktion-eichhoernchen.de\/wp_aktion\/index.php?rest_route=\/wp\/v2\/posts\/727\/revisions\/736"}],"wp:attachment":[{"href":"https:\/\/aktion-eichhoernchen.de\/wp_aktion\/index.php?rest_route=%2Fwp%2Fv2%2Fmedia&parent=727"}],"wp:term":[{"taxonomy":"category","embeddable":true,"href":"https:\/\/aktion-eichhoernchen.de\/wp_aktion\/index.php?rest_route=%2Fwp%2Fv2%2Fcategories&post=727"},{"taxonomy":"post_tag","embeddable":true,"href":"https:\/\/aktion-eichhoernchen.de\/wp_aktion\/index.php?rest_route=%2Fwp%2Fv2%2Ftags&post=727"}],"curies":[{"name":"wp","href":"https:\/\/api.w.org\/{rel}","templated":true}]}}