{"id":7025,"date":"2024-02-17T11:49:41","date_gmt":"2024-02-17T11:49:41","guid":{"rendered":"https:\/\/aktion-eichhoernchen.de\/wp_aktion\/?p=7025"},"modified":"2024-02-17T15:37:42","modified_gmt":"2024-02-17T15:37:42","slug":"17-02-2024","status":"publish","type":"post","link":"https:\/\/aktion-eichhoernchen.de\/wp_aktion\/?p=7025","title":{"rendered":"17.02.2024"},"content":{"rendered":"\n<p><strong>Probewohnen, Spenden, Airmail-Post &#8230;.<\/strong><\/p>\n\n\n\n<p>Heute haben wir ein buntes Potpourrie zu bieten: <\/p>\n\n\n\n<p>Gestern gab es das erste &#8222;Probewohnen&#8220; eines \u00dcberwinterungsh\u00f6rnchens aus der Pflegestelle Schwerte. Autofahren gew\u00f6hnt, kam sie mit ihrer gro\u00dfen Transportbox hier an. Das Wohnzimmer haben wir von den &#8222;gef\u00e4hrdeten&#8220; Sachen bereinigt, insbesondere wollten wir nicht, dass sie unser Puzzel fertig legt bzw. es passend &#8222;schreddert&#8220;. H\u00f6rnchen zeigte sich interessiert an der neuen Umgebung, viel geschnuppert, das ein oder andere Stoffh\u00f6rnchen fand sich auf dem Boden wieder. Bilder haben wir noch keine gemacht, das w\u00e4re zu viel gewesen. Sie muss erst mal ankommen. Es wird noch das ein oder andere Probewohnen geben, ev. auch mal \u00fcber Nacht &#8230; schauen wir mal. <\/p>\n\n\n<div class=\"wp-block-image\">\n<figure class=\"aligncenter size-full\"><img loading=\"lazy\" decoding=\"async\" width=\"447\" height=\"600\" src=\"https:\/\/aktion-eichhoernchen.de\/wp_aktion\/wp-content\/uploads\/2024\/02\/000125.jpg\" alt=\"\" class=\"wp-image-7031\" srcset=\"https:\/\/aktion-eichhoernchen.de\/wp_aktion\/wp-content\/uploads\/2024\/02\/000125.jpg 447w, https:\/\/aktion-eichhoernchen.de\/wp_aktion\/wp-content\/uploads\/2024\/02\/000125-224x300.jpg 224w\" sizes=\"auto, (max-width: 447px) 100vw, 447px\" \/><\/figure>\n<\/div>\n\n\n<p>Heute morgen dann wieder in den Wildwald, mal nach unseren verbliebenen H\u00f6rnchen schauen. 3 haben wir insgesamt gesehen, sie kennen unsere spontan aufgestellte Leckerliebox, an der sich dann nur H\u00f6rnchen und ein paar freche Meisen bedienen k\u00f6nnen. Da wir auch noch mal die Wildkamera umh\u00e4ngen mussten und auch unser Gehegeschloss besser gegen Feuchtigkeit abdecken mussten, hatten wir nicht damit gerechnet, dass sie der L\u00e4rm \u00fcberhaupt nicht st\u00f6rt, deshalb nur grisselige Handyfotos, die gro\u00dfe Kamera war zu Hause, leider! <\/p>\n\n\n\n<figure class=\"wp-block-gallery has-nested-images columns-default is-cropped wp-block-gallery-2 is-layout-flex wp-block-gallery-is-layout-flex\">\n<figure class=\"wp-block-image size-large\"><img loading=\"lazy\" decoding=\"async\" width=\"600\" height=\"425\" data-id=\"7030\" src=\"https:\/\/aktion-eichhoernchen.de\/wp_aktion\/wp-content\/uploads\/2024\/02\/000124.jpg\" alt=\"\" class=\"wp-image-7030\" srcset=\"https:\/\/aktion-eichhoernchen.de\/wp_aktion\/wp-content\/uploads\/2024\/02\/000124.jpg 600w, https:\/\/aktion-eichhoernchen.de\/wp_aktion\/wp-content\/uploads\/2024\/02\/000124-300x213.jpg 300w\" sizes=\"auto, (max-width: 600px) 100vw, 600px\" \/><\/figure>\n\n\n\n<figure class=\"wp-block-image size-large\"><img loading=\"lazy\" decoding=\"async\" width=\"600\" height=\"331\" data-id=\"7029\" src=\"https:\/\/aktion-eichhoernchen.de\/wp_aktion\/wp-content\/uploads\/2024\/02\/000123.jpg\" alt=\"\" class=\"wp-image-7029\" srcset=\"https:\/\/aktion-eichhoernchen.de\/wp_aktion\/wp-content\/uploads\/2024\/02\/000123.jpg 600w, https:\/\/aktion-eichhoernchen.de\/wp_aktion\/wp-content\/uploads\/2024\/02\/000123-300x166.jpg 300w\" sizes=\"auto, (max-width: 600px) 100vw, 600px\" \/><\/figure>\n<\/figure>\n\n\n\n<p>Auf dem R\u00fcckweg, weil es sch\u00f6ner ist nicht \u00fcber die Autobahn zu fahren, auch durch Unna-Kesseb\u00fcren gefahren &#8230; ein Schild &#8222;Waln\u00fcsse&#8220; &#8230;, flux eine 180 Grad-Wendung vollf\u00fchrt und auf den Hof gefahren. Tja, was war das Ende von der Sache: wir bekamen Waln\u00fcsse geschenkt, \u00e4lteren und neueren Datums, die Neueren sind auf jeden Fall f\u00fcr die kommenden &#8222;Newbys&#8220;, die \u00e4lteren f\u00fcr die H\u00f6rnchen im Wildwald, zum knacken. Die Waln\u00fcsse sind von heimischen B\u00e4umen auf dem Hof, toll, so m\u00f6chten wir es haben, keine Postlieferungen, sondern direkt aus Unna. Leider deckt aktuell der Bestand in Unna (oder wir kennen einfach noch nicht alle in Unna, die Waln\u00fcsse abgeben w\u00fcrden!) noch nicht unser Bedarf. Aber, vielen, vielen Dank an Hausnummer 26 in Kesseb\u00fcren!!! Wieder einen &#8222;Anbieter&#8220; von heimischen Waln\u00fcssen gefunden. <\/p>\n\n\n<div class=\"wp-block-image\">\n<figure class=\"aligncenter size-full\"><img loading=\"lazy\" decoding=\"async\" width=\"450\" height=\"600\" src=\"https:\/\/aktion-eichhoernchen.de\/wp_aktion\/wp-content\/uploads\/2024\/02\/000122.jpg\" alt=\"\" class=\"wp-image-7028\" srcset=\"https:\/\/aktion-eichhoernchen.de\/wp_aktion\/wp-content\/uploads\/2024\/02\/000122.jpg 450w, https:\/\/aktion-eichhoernchen.de\/wp_aktion\/wp-content\/uploads\/2024\/02\/000122-225x300.jpg 225w\" sizes=\"auto, (max-width: 450px) 100vw, 450px\" \/><\/figure>\n<\/div>\n\n\n<p>Kaum zu Hause mussten die spontan gefundenen Waln\u00fcsse auch &#8222;eingekellert&#8220; werden. Da es auch Zeit war, die ganzen Kisten mal wieder zu kontrollieren, umzusch\u00fctten, umzuetikettieren &#8230;. eine spontane Gro\u00dfbaustelle. Auch das erledigt. Alle Best\u00e4nde sehen gut aus &#8230; <\/p>\n\n\n\n<figure class=\"wp-block-gallery has-nested-images columns-default is-cropped wp-block-gallery-3 is-layout-flex wp-block-gallery-is-layout-flex\">\n<figure class=\"wp-block-image size-large\"><img loading=\"lazy\" decoding=\"async\" width=\"600\" height=\"450\" data-id=\"7032\" src=\"https:\/\/aktion-eichhoernchen.de\/wp_aktion\/wp-content\/uploads\/2024\/02\/000129.jpg\" alt=\"\" class=\"wp-image-7032\" srcset=\"https:\/\/aktion-eichhoernchen.de\/wp_aktion\/wp-content\/uploads\/2024\/02\/000129.jpg 600w, https:\/\/aktion-eichhoernchen.de\/wp_aktion\/wp-content\/uploads\/2024\/02\/000129-300x225.jpg 300w\" sizes=\"auto, (max-width: 600px) 100vw, 600px\" \/><\/figure>\n<\/figure>\n\n\n\n<p>Kaum in der Wohnung angekommen, kam unser <strong>Eichh\u00f6rnchenpropeller<\/strong> an &#8230; noch nicht aufgebaut, da wir einen kleinen Paketr\u00fcckstau haben, aber danke an Manfred f\u00fcr den Rabatt, den wir bekommen haben. Und nein, nat\u00fcrlich kein Vereinsverm\u00f6gen, sondern unsere &#8222;Spinnerei&#8220;: (wobei wir festgestellt haben, dass wir auch noch ein Inventarverzeichnis f\u00fcr den Verein aufstellen m\u00fcssen, das hei\u00dft, alle Transportboxen, Inkubator, Milchw\u00e4rmer usw, die wir aus dem Vereinsverm\u00f6gen gekauft haben, m\u00fcssen inventarisiert werden, machen wir in der n\u00e4chsten Woche!). Ich hoffe, dass Manfred noch ein paar weitere Bestellungen bekommt, nur durch den Blog. Super schneller Versand, sehr netter Kontakt!<\/p>\n\n\n<div class=\"wp-block-image\">\n<figure class=\"aligncenter size-full\"><img loading=\"lazy\" decoding=\"async\" width=\"600\" height=\"450\" src=\"https:\/\/aktion-eichhoernchen.de\/wp_aktion\/wp-content\/uploads\/2024\/02\/000120.jpg\" alt=\"\" class=\"wp-image-7026\" srcset=\"https:\/\/aktion-eichhoernchen.de\/wp_aktion\/wp-content\/uploads\/2024\/02\/000120.jpg 600w, https:\/\/aktion-eichhoernchen.de\/wp_aktion\/wp-content\/uploads\/2024\/02\/000120-300x225.jpg 300w\" sizes=\"auto, (max-width: 600px) 100vw, 600px\" \/><\/figure>\n<\/div>\n\n\n<p>Und als wir dann aus unserer Kelleraktion nach oben gingen, am Briefkasten vorbei, erreicht uns wieder eine ganz liebe Airmail von Brian, unserem internationalen Vereinsmitglied. Das ist so toll und treibt uns die Tr\u00e4nen in die Augen. Das mitgesendete Bild steht auf dem E\u00dftisch, die Karten und Umschl\u00e4ge stehen als Erinnerung im Arbeitszimmer. Thanks Brian and best regards! <\/p>\n\n\n<div class=\"wp-block-image\">\n<figure class=\"aligncenter size-full\"><img loading=\"lazy\" decoding=\"async\" width=\"600\" height=\"450\" src=\"https:\/\/aktion-eichhoernchen.de\/wp_aktion\/wp-content\/uploads\/2024\/02\/000121.jpg\" alt=\"\" class=\"wp-image-7027\" srcset=\"https:\/\/aktion-eichhoernchen.de\/wp_aktion\/wp-content\/uploads\/2024\/02\/000121.jpg 600w, https:\/\/aktion-eichhoernchen.de\/wp_aktion\/wp-content\/uploads\/2024\/02\/000121-300x225.jpg 300w\" sizes=\"auto, (max-width: 600px) 100vw, 600px\" \/><\/figure>\n<\/div>\n\n\n<p>Und weil wir ja ganz viele Kontakte zu Findern, Eichh\u00f6rnchenverr\u00fcckten und einfach nur Forumsmitgliedern haben, hier noch ein paar Bilder, von wildlebenden Eichh\u00f6rnchen, copyright nat\u00fcrlich beigef\u00fcgt. <\/p>\n\n\n\n<figure class=\"wp-block-gallery has-nested-images columns-default is-cropped wp-block-gallery-4 is-layout-flex wp-block-gallery-is-layout-flex\">\n<figure class=\"wp-block-image size-large\"><a href=\"https:\/\/aktion-eichhoernchen.de\/wp_aktion\/wp-content\/uploads\/2024\/02\/000130.jpg\" target=\"_blank\" rel=\"noopener\"><img loading=\"lazy\" decoding=\"async\" width=\"600\" height=\"443\" data-id=\"7034\" src=\"https:\/\/aktion-eichhoernchen.de\/wp_aktion\/wp-content\/uploads\/2024\/02\/000130.jpg\" alt=\"\" class=\"wp-image-7034\" srcset=\"https:\/\/aktion-eichhoernchen.de\/wp_aktion\/wp-content\/uploads\/2024\/02\/000130.jpg 600w, https:\/\/aktion-eichhoernchen.de\/wp_aktion\/wp-content\/uploads\/2024\/02\/000130-300x222.jpg 300w\" sizes=\"auto, (max-width: 600px) 100vw, 600px\" \/><\/a><figcaption class=\"wp-element-caption\">\u00a9solymar<\/figcaption><\/figure>\n\n\n\n<figure class=\"wp-block-image size-large\"><a href=\"https:\/\/aktion-eichhoernchen.de\/wp_aktion\/wp-content\/uploads\/2024\/02\/000131.jpg\" target=\"_blank\" rel=\"noopener\"><img loading=\"lazy\" decoding=\"async\" width=\"600\" height=\"410\" data-id=\"7035\" src=\"https:\/\/aktion-eichhoernchen.de\/wp_aktion\/wp-content\/uploads\/2024\/02\/000131.jpg\" alt=\"\" class=\"wp-image-7035\" srcset=\"https:\/\/aktion-eichhoernchen.de\/wp_aktion\/wp-content\/uploads\/2024\/02\/000131.jpg 600w, https:\/\/aktion-eichhoernchen.de\/wp_aktion\/wp-content\/uploads\/2024\/02\/000131-300x205.jpg 300w\" sizes=\"auto, (max-width: 600px) 100vw, 600px\" \/><\/a><figcaption class=\"wp-element-caption\">\u00a9solymar<\/figcaption><\/figure>\n\n\n\n<figure class=\"wp-block-image size-large\"><a href=\"https:\/\/aktion-eichhoernchen.de\/wp_aktion\/wp-content\/uploads\/2024\/02\/000133.jpg\" target=\"_blank\" rel=\"noopener\"><img loading=\"lazy\" decoding=\"async\" width=\"600\" height=\"367\" data-id=\"7037\" src=\"https:\/\/aktion-eichhoernchen.de\/wp_aktion\/wp-content\/uploads\/2024\/02\/000133.jpg\" alt=\"\" class=\"wp-image-7037\" srcset=\"https:\/\/aktion-eichhoernchen.de\/wp_aktion\/wp-content\/uploads\/2024\/02\/000133.jpg 600w, https:\/\/aktion-eichhoernchen.de\/wp_aktion\/wp-content\/uploads\/2024\/02\/000133-300x184.jpg 300w\" sizes=\"auto, (max-width: 600px) 100vw, 600px\" \/><\/a><figcaption class=\"wp-element-caption\">\u00a9ardilla<\/figcaption><\/figure>\n\n\n\n<figure class=\"wp-block-image size-large\"><a href=\"https:\/\/aktion-eichhoernchen.de\/wp_aktion\/wp-content\/uploads\/2024\/02\/000134.jpg\" target=\"_blank\" rel=\"noopener\"><img loading=\"lazy\" decoding=\"async\" width=\"600\" height=\"358\" data-id=\"7038\" src=\"https:\/\/aktion-eichhoernchen.de\/wp_aktion\/wp-content\/uploads\/2024\/02\/000134.jpg\" alt=\"\" class=\"wp-image-7038\" srcset=\"https:\/\/aktion-eichhoernchen.de\/wp_aktion\/wp-content\/uploads\/2024\/02\/000134.jpg 600w, https:\/\/aktion-eichhoernchen.de\/wp_aktion\/wp-content\/uploads\/2024\/02\/000134-300x179.jpg 300w\" sizes=\"auto, (max-width: 600px) 100vw, 600px\" \/><\/a><figcaption class=\"wp-element-caption\">\u00a9ardilla<\/figcaption><\/figure>\n\n\n\n<figure class=\"wp-block-image size-full\"><a href=\"https:\/\/aktion-eichhoernchen.de\/wp_aktion\/wp-content\/uploads\/2024\/02\/000128.jpg\" target=\"_blank\" rel=\"noopener\"><img loading=\"lazy\" decoding=\"async\" width=\"450\" height=\"600\" data-id=\"7042\" src=\"https:\/\/aktion-eichhoernchen.de\/wp_aktion\/wp-content\/uploads\/2024\/02\/000128.jpg\" alt=\"\" class=\"wp-image-7042\" srcset=\"https:\/\/aktion-eichhoernchen.de\/wp_aktion\/wp-content\/uploads\/2024\/02\/000128.jpg 450w, https:\/\/aktion-eichhoernchen.de\/wp_aktion\/wp-content\/uploads\/2024\/02\/000128-225x300.jpg 225w\" sizes=\"auto, (max-width: 450px) 100vw, 450px\" \/><\/a><figcaption class=\"wp-element-caption\">\u00a9Steffi<\/figcaption><\/figure>\n<\/figure>\n\n\n<div class=\"wp-block-image\">\n<figure class=\"aligncenter size-full\"><img loading=\"lazy\" decoding=\"async\" width=\"600\" height=\"392\" src=\"https:\/\/aktion-eichhoernchen.de\/wp_aktion\/wp-content\/uploads\/2024\/02\/000132.jpg\" alt=\"\" class=\"wp-image-7036\" srcset=\"https:\/\/aktion-eichhoernchen.de\/wp_aktion\/wp-content\/uploads\/2024\/02\/000132.jpg 600w, https:\/\/aktion-eichhoernchen.de\/wp_aktion\/wp-content\/uploads\/2024\/02\/000132-300x196.jpg 300w\" sizes=\"auto, (max-width: 600px) 100vw, 600px\" \/><figcaption class=\"wp-element-caption\">\u00a9ardilla<\/figcaption><\/figure>\n<\/div>\n\n\n<p>Leider, wie im letzten Foto, kommen auch auf Balkonen mit super Futterm\u00f6glichkeiten Eichh\u00f6rnchen mit kahlen Stellen im Fell an. Wir versuchen so gut es geht, \u00fcber das <a href=\"https:\/\/eichhoernchenforum.xobor.de\/\" data-type=\"link\" data-id=\"https:\/\/eichhoernchenforum.xobor.de\/\">Eichh\u00f6rnchenforum<\/a> zu helfen, denn da sind ein paar mehr Nachfragen n\u00f6tig, die wir hier im Blog nicht abarbeiten k\u00f6nnen. <\/p>\n","protected":false},"excerpt":{"rendered":"<p>Probewohnen, Spenden, Airmail-Post &#8230;. Heute haben wir ein buntes Potpourrie zu bieten: Gestern gab es das erste &#8222;Probewohnen&#8220; eines \u00dcberwinterungsh\u00f6rnchens aus der Pflegestelle Schwerte. Autofahren gew\u00f6hnt, kam sie mit ihrer <a class=\"more-link\" href=\"https:\/\/aktion-eichhoernchen.de\/wp_aktion\/?p=7025\">Continue Reading &rarr;<\/a><\/p>\n","protected":false},"author":1,"featured_media":0,"comment_status":"closed","ping_status":"open","sticky":false,"template":"","format":"standard","meta":{"footnotes":""},"categories":[6],"tags":[],"class_list":["post-7025","post","type-post","status-publish","format-standard","hentry","category-eichhoernchen"],"_links":{"self":[{"href":"https:\/\/aktion-eichhoernchen.de\/wp_aktion\/index.php?rest_route=\/wp\/v2\/posts\/7025","targetHints":{"allow":["GET"]}}],"collection":[{"href":"https:\/\/aktion-eichhoernchen.de\/wp_aktion\/index.php?rest_route=\/wp\/v2\/posts"}],"about":[{"href":"https:\/\/aktion-eichhoernchen.de\/wp_aktion\/index.php?rest_route=\/wp\/v2\/types\/post"}],"author":[{"embeddable":true,"href":"https:\/\/aktion-eichhoernchen.de\/wp_aktion\/index.php?rest_route=\/wp\/v2\/users\/1"}],"replies":[{"embeddable":true,"href":"https:\/\/aktion-eichhoernchen.de\/wp_aktion\/index.php?rest_route=%2Fwp%2Fv2%2Fcomments&post=7025"}],"version-history":[{"count":7,"href":"https:\/\/aktion-eichhoernchen.de\/wp_aktion\/index.php?rest_route=\/wp\/v2\/posts\/7025\/revisions"}],"predecessor-version":[{"id":7046,"href":"https:\/\/aktion-eichhoernchen.de\/wp_aktion\/index.php?rest_route=\/wp\/v2\/posts\/7025\/revisions\/7046"}],"wp:attachment":[{"href":"https:\/\/aktion-eichhoernchen.de\/wp_aktion\/index.php?rest_route=%2Fwp%2Fv2%2Fmedia&parent=7025"}],"wp:term":[{"taxonomy":"category","embeddable":true,"href":"https:\/\/aktion-eichhoernchen.de\/wp_aktion\/index.php?rest_route=%2Fwp%2Fv2%2Fcategories&post=7025"},{"taxonomy":"post_tag","embeddable":true,"href":"https:\/\/aktion-eichhoernchen.de\/wp_aktion\/index.php?rest_route=%2Fwp%2Fv2%2Ftags&post=7025"}],"curies":[{"name":"wp","href":"https:\/\/api.w.org\/{rel}","templated":true}]}}