{"id":6985,"date":"2024-02-12T07:28:35","date_gmt":"2024-02-12T07:28:35","guid":{"rendered":"https:\/\/aktion-eichhoernchen.de\/wp_aktion\/?p=6985"},"modified":"2024-02-12T13:58:48","modified_gmt":"2024-02-12T13:58:48","slug":"12-02-2024","status":"publish","type":"post","link":"https:\/\/aktion-eichhoernchen.de\/wp_aktion\/?p=6985","title":{"rendered":"12.02.2024"},"content":{"rendered":"\n<p><strong>&#8230; kein guter Saisonstart &#8230;<\/strong><\/p>\n\n\n\n<p>Nach dem ersten H\u00f6rnchen im Januar, geht es leider \u00e4hnlich weiter. Uns erreichte gestern wieder ein wundersch\u00f6ner, stattlicher Eichkater aus B\u00f6nen, vom Auto touchiert &#8230; und starb wenige Stunden sp\u00e4ter an seinen inneren Verletzungen. Ein gro\u00dfes Dankesch\u00f6n an die Finder, die uns das Tier gebracht haben, er ist in Ruhe mit W\u00e4rme eingeschlafen, er wollte auch nichts mehr fressen oder trinken. Er hatte nicht eine Zecke oder Floh im Fell, und ein tolles Gewicht \u00fcber 300g. Um so mehr tut es weh, wenn dadurch fitte und gesunde Eichh\u00f6rnchen dezimiert werden. <\/p>\n\n\n\n<figure class=\"wp-block-gallery has-nested-images columns-default is-cropped wp-block-gallery-2 is-layout-flex wp-block-gallery-is-layout-flex\">\n<figure class=\"wp-block-image size-large\"><a href=\"https:\/\/aktion-eichhoernchen.de\/wp_aktion\/wp-content\/uploads\/2024\/02\/000114.jpg\" target=\"_blank\" rel=\"noopener\"><img loading=\"lazy\" decoding=\"async\" width=\"600\" height=\"450\" data-id=\"6989\" src=\"https:\/\/aktion-eichhoernchen.de\/wp_aktion\/wp-content\/uploads\/2024\/02\/000114.jpg\" alt=\"\" class=\"wp-image-6989\" srcset=\"https:\/\/aktion-eichhoernchen.de\/wp_aktion\/wp-content\/uploads\/2024\/02\/000114.jpg 600w, https:\/\/aktion-eichhoernchen.de\/wp_aktion\/wp-content\/uploads\/2024\/02\/000114-300x225.jpg 300w\" sizes=\"auto, (max-width: 600px) 100vw, 600px\" \/><\/a><\/figure>\n\n\n\n<figure class=\"wp-block-image size-large\"><a href=\"https:\/\/aktion-eichhoernchen.de\/wp_aktion\/wp-content\/uploads\/2024\/02\/000113.jpg\" target=\"_blank\" rel=\"noopener\"><img loading=\"lazy\" decoding=\"async\" width=\"600\" height=\"450\" data-id=\"6988\" src=\"https:\/\/aktion-eichhoernchen.de\/wp_aktion\/wp-content\/uploads\/2024\/02\/000113.jpg\" alt=\"\" class=\"wp-image-6988\" srcset=\"https:\/\/aktion-eichhoernchen.de\/wp_aktion\/wp-content\/uploads\/2024\/02\/000113.jpg 600w, https:\/\/aktion-eichhoernchen.de\/wp_aktion\/wp-content\/uploads\/2024\/02\/000113-300x225.jpg 300w\" sizes=\"auto, (max-width: 600px) 100vw, 600px\" \/><\/a><\/figure>\n<\/figure>\n\n\n\n<p>Es gibt aber auch <strong>Gutes<\/strong> zu berichten:<\/p>\n\n\n\n<p>Wir haben uns wieder sehr \u00fcber Spenden gefreut: von Verena aus Duisburg, von Monika aus Bonn &#8230;Vielen, vielen Dank daf\u00fcr. Auch eine Nussspende aus Maximiliansau von Helga, aus Unna von der Vaerstbr\u00fccke und wir selbst haben bei Ebay auch noch mal nachgeordert, da haben Kinder gesammelt und sollten ein kleines Taschengeld &#8222;erwirtschaften&#8220;, sch\u00f6ne kleine Waln\u00fcsse, die unsere Eichies gut abschleppen k\u00f6nnen. <\/p>\n\n\n\n<figure class=\"wp-block-gallery has-nested-images columns-default is-cropped wp-block-gallery-3 is-layout-flex wp-block-gallery-is-layout-flex\">\n<figure class=\"wp-block-image size-large\"><a href=\"https:\/\/aktion-eichhoernchen.de\/wp_aktion\/wp-content\/uploads\/2024\/02\/000115.jpg\" target=\"_blank\" rel=\"noopener\"><img loading=\"lazy\" decoding=\"async\" width=\"450\" height=\"600\" data-id=\"6990\" src=\"https:\/\/aktion-eichhoernchen.de\/wp_aktion\/wp-content\/uploads\/2024\/02\/000115.jpg\" alt=\"\" class=\"wp-image-6990\" srcset=\"https:\/\/aktion-eichhoernchen.de\/wp_aktion\/wp-content\/uploads\/2024\/02\/000115.jpg 450w, https:\/\/aktion-eichhoernchen.de\/wp_aktion\/wp-content\/uploads\/2024\/02\/000115-225x300.jpg 225w\" sizes=\"auto, (max-width: 450px) 100vw, 450px\" \/><\/a><\/figure>\n\n\n\n<figure class=\"wp-block-image size-large\"><a href=\"https:\/\/aktion-eichhoernchen.de\/wp_aktion\/wp-content\/uploads\/2024\/02\/000116.jpg\" target=\"_blank\" rel=\"noopener\"><img loading=\"lazy\" decoding=\"async\" width=\"450\" height=\"600\" data-id=\"6991\" src=\"https:\/\/aktion-eichhoernchen.de\/wp_aktion\/wp-content\/uploads\/2024\/02\/000116.jpg\" alt=\"\" class=\"wp-image-6991\" srcset=\"https:\/\/aktion-eichhoernchen.de\/wp_aktion\/wp-content\/uploads\/2024\/02\/000116.jpg 450w, https:\/\/aktion-eichhoernchen.de\/wp_aktion\/wp-content\/uploads\/2024\/02\/000116-225x300.jpg 225w\" sizes=\"auto, (max-width: 450px) 100vw, 450px\" \/><\/a><\/figure>\n<\/figure>\n\n\n\n<p>Aus unserem Privatverm\u00f6gen haben wir unsere Kameraausr\u00fcstung aufgestockt: wir haben insbesondere im Auswilderungsgehege immer das &#8222;Problem&#8220;, dass die Lichtverh\u00e4ltnisse dort ziemlich d\u00fcster sind, vor allem, wenn der Wald sein volles Bl\u00e4tterdach entfaltet. F\u00fcr die H\u00f6rnchen im Sommer super, sie haben es &#8222;angenehm&#8220; k\u00fchl, zum Bilder machen die Vollkatastrophe. Blitzlicht f\u00fcr Eichh\u00f6rnchen ein &#8222;No Go&#8220;! Also haben wir jetzt einen zus\u00e4tzlichen Kamerascheinwerfer, der auf dem Blitzschuh sitzt, aber seinen Akku selbst hat, also nichts vom Kameraakku &#8222;wegzieht&#8220;. Dazu noch ein Haltegriff f\u00fcr &#8222;Nachverfolgungsaufnahmen&#8220;. <\/p>\n\n\n\n<figure class=\"wp-block-gallery has-nested-images columns-default is-cropped wp-block-gallery-4 is-layout-flex wp-block-gallery-is-layout-flex\">\n<figure class=\"wp-block-image size-large\"><a href=\"https:\/\/aktion-eichhoernchen.de\/wp_aktion\/wp-content\/uploads\/2024\/02\/000111-1.jpg\" target=\"_blank\" rel=\"noopener\"><img loading=\"lazy\" decoding=\"async\" width=\"519\" height=\"600\" data-id=\"6992\" src=\"https:\/\/aktion-eichhoernchen.de\/wp_aktion\/wp-content\/uploads\/2024\/02\/000111-1.jpg\" alt=\"\" class=\"wp-image-6992\" srcset=\"https:\/\/aktion-eichhoernchen.de\/wp_aktion\/wp-content\/uploads\/2024\/02\/000111-1.jpg 519w, https:\/\/aktion-eichhoernchen.de\/wp_aktion\/wp-content\/uploads\/2024\/02\/000111-1-260x300.jpg 260w\" sizes=\"auto, (max-width: 519px) 100vw, 519px\" \/><\/a><\/figure>\n\n\n\n<figure class=\"wp-block-image size-large\"><a href=\"https:\/\/aktion-eichhoernchen.de\/wp_aktion\/wp-content\/uploads\/2024\/02\/000112-1.jpg\" target=\"_blank\" rel=\"noopener\"><img loading=\"lazy\" decoding=\"async\" width=\"600\" height=\"478\" data-id=\"6993\" src=\"https:\/\/aktion-eichhoernchen.de\/wp_aktion\/wp-content\/uploads\/2024\/02\/000112-1.jpg\" alt=\"\" class=\"wp-image-6993\" srcset=\"https:\/\/aktion-eichhoernchen.de\/wp_aktion\/wp-content\/uploads\/2024\/02\/000112-1.jpg 600w, https:\/\/aktion-eichhoernchen.de\/wp_aktion\/wp-content\/uploads\/2024\/02\/000112-1-300x239.jpg 300w\" sizes=\"auto, (max-width: 600px) 100vw, 600px\" \/><\/a><\/figure>\n<\/figure>\n\n\n\n<p>Da wir aktuell ja keine Eichh\u00f6rnchen haben, mussten unsere Dauerhaustiere &#8222;Trolli, Lemmi und Riesel&#8220; von der hessischen Bergstra\u00dfe als Versuchsobjekte herhalten. Der Scheinwerfer hat sie \u00fcberhaupt nicht gest\u00f6rt, obwohl es nach 18 Uhr war und kein Licht eingeschaltet war! Seht selbst:<\/p>\n\n\n\n<figure class=\"wp-block-gallery has-nested-images columns-default is-cropped wp-block-gallery-5 is-layout-flex wp-block-gallery-is-layout-flex\">\n<figure class=\"wp-block-image size-large\"><img loading=\"lazy\" decoding=\"async\" width=\"600\" height=\"385\" data-id=\"6995\" src=\"https:\/\/aktion-eichhoernchen.de\/wp_aktion\/wp-content\/uploads\/2024\/02\/000117.jpg\" alt=\"\" class=\"wp-image-6995\" srcset=\"https:\/\/aktion-eichhoernchen.de\/wp_aktion\/wp-content\/uploads\/2024\/02\/000117.jpg 600w, https:\/\/aktion-eichhoernchen.de\/wp_aktion\/wp-content\/uploads\/2024\/02\/000117-300x193.jpg 300w\" sizes=\"auto, (max-width: 600px) 100vw, 600px\" \/><\/figure>\n\n\n\n<figure class=\"wp-block-image size-large\"><img loading=\"lazy\" decoding=\"async\" width=\"600\" height=\"439\" data-id=\"6996\" src=\"https:\/\/aktion-eichhoernchen.de\/wp_aktion\/wp-content\/uploads\/2024\/02\/000117_1.jpg\" alt=\"\" class=\"wp-image-6996\" srcset=\"https:\/\/aktion-eichhoernchen.de\/wp_aktion\/wp-content\/uploads\/2024\/02\/000117_1.jpg 600w, https:\/\/aktion-eichhoernchen.de\/wp_aktion\/wp-content\/uploads\/2024\/02\/000117_1-300x220.jpg 300w\" sizes=\"auto, (max-width: 600px) 100vw, 600px\" \/><\/figure>\n<\/figure>\n\n\n<div class=\"wp-block-image\">\n<figure class=\"aligncenter size-full\"><img loading=\"lazy\" decoding=\"async\" width=\"399\" height=\"347\" src=\"https:\/\/aktion-eichhoernchen.de\/wp_aktion\/wp-content\/uploads\/2024\/02\/000118_1-2.jpg\" alt=\"\" class=\"wp-image-6999\" srcset=\"https:\/\/aktion-eichhoernchen.de\/wp_aktion\/wp-content\/uploads\/2024\/02\/000118_1-2.jpg 399w, https:\/\/aktion-eichhoernchen.de\/wp_aktion\/wp-content\/uploads\/2024\/02\/000118_1-2-300x261.jpg 300w\" sizes=\"auto, (max-width: 399px) 100vw, 399px\" \/><\/figure>\n<\/div>\n\n\n<p>Was gibt es sonst noch so zu berichten?<br>Letzte Woche gab es das j\u00e4hrliche <strong>&#8222;Bauhauskursleitertreffen&#8220;<\/strong> vom KiJuPa in Waltrop, sch\u00f6ne Veranstaltung, interessante Gespr\u00e4che und eine neue Idee: am 16.06. soll in Waltrop\/Lehnemannshof eine Vorstellung aller Baukurse und viele Kinderattraktionen entstehen. Wir sind mit unserem Infostand dabei, wenn uns die H\u00f6rnchen nicht einen Strich durch die Rechnung machen, ansonsten m\u00fcssen sie mit, soweit m\u00f6glich, Tierwohl geht nat\u00fcrlich vor!<\/p>\n\n\n\n<p>Diese Woche finden <strong>Vorgespr\u00e4che<\/strong> mit der Astrid-Lindgren-Grundschule in Kamen-Heeren statt, da wollen die 2. Klassen was \u00fcber Eichh\u00f6rnchen wissen! Auch die <strong>Falkschule in Unna<\/strong> steht schon in den Startl\u00f6chern und m\u00f6chte Infos haben. <\/p>\n\n\n\n<p>Also, es wird hier auch in der eichh\u00f6rnchenfreien Zeit nicht langweilig. &#8230;. denn nebenbei \u00fcberarbeiten wir alles, was geht. Die Homepage ist fertig bis auf die Rubrik <a href=\"https:\/\/aktion-eichhoernchen.de\/wp_aktion\/?page_id=217\" data-type=\"link\" data-id=\"https:\/\/aktion-eichhoernchen.de\/wp_aktion\/?page_id=217\">&#8222;Unsere H\u00f6rnchen&#8220;<\/a>; da m\u00fcssen wir tats\u00e4chlich heftig nacharbeiten. Wir haben lange \u00fcberlegt, ob wir das &#8222;zeitlich&#8220; stemmen k\u00f6nnen. Andererseits, w\u00e4re es schon sch\u00f6n. Wir versuchen es &#8230;. deshalb, noch eine Baustelle  &#8230;.<\/p>\n\n\n\n<p>Unsere DSGVO-Bestimmungen, Aufnahmeb\u00fccher, Hygieneanleitungen und Mediliste sind fertig, ufzh&#8230; das war gar nicht so einfach und hat uns ordentlich &#8222;Frei&#8220;-Zeit gekostet:<\/p>\n\n\n<div class=\"wp-block-image\">\n<figure class=\"aligncenter size-full\"><img loading=\"lazy\" decoding=\"async\" width=\"600\" height=\"379\" src=\"https:\/\/aktion-eichhoernchen.de\/wp_aktion\/wp-content\/uploads\/2024\/02\/000119.jpg\" alt=\"\" class=\"wp-image-7000\" srcset=\"https:\/\/aktion-eichhoernchen.de\/wp_aktion\/wp-content\/uploads\/2024\/02\/000119.jpg 600w, https:\/\/aktion-eichhoernchen.de\/wp_aktion\/wp-content\/uploads\/2024\/02\/000119-300x190.jpg 300w\" sizes=\"auto, (max-width: 600px) 100vw, 600px\" \/><\/figure>\n<\/div>","protected":false},"excerpt":{"rendered":"<p>&#8230; kein guter Saisonstart &#8230; Nach dem ersten H\u00f6rnchen im Januar, geht es leider \u00e4hnlich weiter. Uns erreichte gestern wieder ein wundersch\u00f6ner, stattlicher Eichkater aus B\u00f6nen, vom Auto touchiert &#8230; <a class=\"more-link\" href=\"https:\/\/aktion-eichhoernchen.de\/wp_aktion\/?p=6985\">Continue Reading &rarr;<\/a><\/p>\n","protected":false},"author":1,"featured_media":0,"comment_status":"closed","ping_status":"open","sticky":false,"template":"","format":"standard","meta":{"footnotes":""},"categories":[6],"tags":[],"class_list":["post-6985","post","type-post","status-publish","format-standard","hentry","category-eichhoernchen"],"_links":{"self":[{"href":"https:\/\/aktion-eichhoernchen.de\/wp_aktion\/index.php?rest_route=\/wp\/v2\/posts\/6985","targetHints":{"allow":["GET"]}}],"collection":[{"href":"https:\/\/aktion-eichhoernchen.de\/wp_aktion\/index.php?rest_route=\/wp\/v2\/posts"}],"about":[{"href":"https:\/\/aktion-eichhoernchen.de\/wp_aktion\/index.php?rest_route=\/wp\/v2\/types\/post"}],"author":[{"embeddable":true,"href":"https:\/\/aktion-eichhoernchen.de\/wp_aktion\/index.php?rest_route=\/wp\/v2\/users\/1"}],"replies":[{"embeddable":true,"href":"https:\/\/aktion-eichhoernchen.de\/wp_aktion\/index.php?rest_route=%2Fwp%2Fv2%2Fcomments&post=6985"}],"version-history":[{"count":7,"href":"https:\/\/aktion-eichhoernchen.de\/wp_aktion\/index.php?rest_route=\/wp\/v2\/posts\/6985\/revisions"}],"predecessor-version":[{"id":7006,"href":"https:\/\/aktion-eichhoernchen.de\/wp_aktion\/index.php?rest_route=\/wp\/v2\/posts\/6985\/revisions\/7006"}],"wp:attachment":[{"href":"https:\/\/aktion-eichhoernchen.de\/wp_aktion\/index.php?rest_route=%2Fwp%2Fv2%2Fmedia&parent=6985"}],"wp:term":[{"taxonomy":"category","embeddable":true,"href":"https:\/\/aktion-eichhoernchen.de\/wp_aktion\/index.php?rest_route=%2Fwp%2Fv2%2Fcategories&post=6985"},{"taxonomy":"post_tag","embeddable":true,"href":"https:\/\/aktion-eichhoernchen.de\/wp_aktion\/index.php?rest_route=%2Fwp%2Fv2%2Ftags&post=6985"}],"curies":[{"name":"wp","href":"https:\/\/api.w.org\/{rel}","templated":true}]}}