{"id":6968,"date":"2024-02-07T06:19:17","date_gmt":"2024-02-07T06:19:17","guid":{"rendered":"https:\/\/aktion-eichhoernchen.de\/wp_aktion\/?p=6968"},"modified":"2024-02-07T06:19:17","modified_gmt":"2024-02-07T06:19:17","slug":"07-02-2024","status":"publish","type":"post","link":"https:\/\/aktion-eichhoernchen.de\/wp_aktion\/?p=6968","title":{"rendered":"07.02.2024"},"content":{"rendered":"\n<p>Die ersten &#8222;Nackies&#8220; sind am 29.01.2024 angekommen, nicht bei uns, sondern in M\u00fcnchen beim Eichh\u00f6rnchen Schutz e.V. und werden mittels Spezialmilch und Inkubator hoffentlich wachsen und gedeihen. Viel Gl\u00fcck f\u00fcr die Drei! Hier geht es zum Facebookbericht:<\/p>\n\n\n\n<p><a href=\"https:\/\/www.facebook.com\/EichhoernchenschutzeV\" data-type=\"link\" data-id=\"https:\/\/www.facebook.com\/EichhoernchenschutzeV\">Eichh\u00f6rnchen Schutz e.V.<\/a><\/p>\n\n\n\n<figure class=\"wp-block-image size-full is-resized\"><img loading=\"lazy\" decoding=\"async\" width=\"500\" height=\"625\" src=\"https:\/\/aktion-eichhoernchen.de\/wp_aktion\/wp-content\/uploads\/2024\/02\/Saisoneroeffnung.jpg\" alt=\"\" class=\"wp-image-6969\" style=\"width:750px;height:auto\" srcset=\"https:\/\/aktion-eichhoernchen.de\/wp_aktion\/wp-content\/uploads\/2024\/02\/Saisoneroeffnung.jpg 500w, https:\/\/aktion-eichhoernchen.de\/wp_aktion\/wp-content\/uploads\/2024\/02\/Saisoneroeffnung-240x300.jpg 240w\" sizes=\"auto, (max-width: 500px) 100vw, 500px\" \/><\/figure>\n\n\n\n<p>Derweil sind wir mit unserer Homepage\u00fcberarbeitung fast fertig, es fehlen noch &#8222;Unsere H\u00f6rnchen&#8220;. Hygienekonzept, Medikamentenliste sind auch erstellt. Wir sind also startklar, wenn sich auch die H\u00f6rnchen mit ihrer Ankunft bei uns gerne noch etwas Zeit lassen d\u00fcrfen, denn in der freien Natur, bei &#8222;Mama&#8220;, sind sie &#8222;normalerweise&#8220; besser aufgehoben, als in einer Wildtierstation. <\/p>\n","protected":false},"excerpt":{"rendered":"<p>Die ersten &#8222;Nackies&#8220; sind am 29.01.2024 angekommen, nicht bei uns, sondern in M\u00fcnchen beim Eichh\u00f6rnchen Schutz e.V. und werden mittels Spezialmilch und Inkubator hoffentlich wachsen und gedeihen. Viel Gl\u00fcck f\u00fcr <a class=\"more-link\" href=\"https:\/\/aktion-eichhoernchen.de\/wp_aktion\/?p=6968\">Continue Reading &rarr;<\/a><\/p>\n","protected":false},"author":1,"featured_media":0,"comment_status":"closed","ping_status":"open","sticky":false,"template":"","format":"standard","meta":{"footnotes":""},"categories":[6],"tags":[],"class_list":["post-6968","post","type-post","status-publish","format-standard","hentry","category-eichhoernchen"],"_links":{"self":[{"href":"https:\/\/aktion-eichhoernchen.de\/wp_aktion\/index.php?rest_route=\/wp\/v2\/posts\/6968","targetHints":{"allow":["GET"]}}],"collection":[{"href":"https:\/\/aktion-eichhoernchen.de\/wp_aktion\/index.php?rest_route=\/wp\/v2\/posts"}],"about":[{"href":"https:\/\/aktion-eichhoernchen.de\/wp_aktion\/index.php?rest_route=\/wp\/v2\/types\/post"}],"author":[{"embeddable":true,"href":"https:\/\/aktion-eichhoernchen.de\/wp_aktion\/index.php?rest_route=\/wp\/v2\/users\/1"}],"replies":[{"embeddable":true,"href":"https:\/\/aktion-eichhoernchen.de\/wp_aktion\/index.php?rest_route=%2Fwp%2Fv2%2Fcomments&post=6968"}],"version-history":[{"count":1,"href":"https:\/\/aktion-eichhoernchen.de\/wp_aktion\/index.php?rest_route=\/wp\/v2\/posts\/6968\/revisions"}],"predecessor-version":[{"id":6970,"href":"https:\/\/aktion-eichhoernchen.de\/wp_aktion\/index.php?rest_route=\/wp\/v2\/posts\/6968\/revisions\/6970"}],"wp:attachment":[{"href":"https:\/\/aktion-eichhoernchen.de\/wp_aktion\/index.php?rest_route=%2Fwp%2Fv2%2Fmedia&parent=6968"}],"wp:term":[{"taxonomy":"category","embeddable":true,"href":"https:\/\/aktion-eichhoernchen.de\/wp_aktion\/index.php?rest_route=%2Fwp%2Fv2%2Fcategories&post=6968"},{"taxonomy":"post_tag","embeddable":true,"href":"https:\/\/aktion-eichhoernchen.de\/wp_aktion\/index.php?rest_route=%2Fwp%2Fv2%2Ftags&post=6968"}],"curies":[{"name":"wp","href":"https:\/\/api.w.org\/{rel}","templated":true}]}}