{"id":692,"date":"2021-02-19T20:08:23","date_gmt":"2021-02-19T20:08:23","guid":{"rendered":"https:\/\/aktion-eichhoernchen.de\/wp_aktion\/?p=692"},"modified":"2026-01-08T13:10:58","modified_gmt":"2026-01-08T13:10:58","slug":"20-02-2021","status":"publish","type":"post","link":"https:\/\/aktion-eichhoernchen.de\/wp_aktion\/?p=692","title":{"rendered":"20.02.2021"},"content":{"rendered":"\n<p>Ab sofort kann man die Bilder durch Klick vergr\u00f6\u00dfern&#8230;<\/p>\n\n\n\n<p>Die Interessengemeinschaft Hessischer Wildtierpfleger hat eine Notfallbrosch\u00fcre f\u00fcr Wildtierfinder erstellt und bietet sie kostenlos zum download an &#8211; interessant und hilfreich.<\/p>\n\n\n\n<p>Nach einer Woche Pause finden sich auch die H\u00f6rnchen auf dem Balkon wieder ein, die Spurenlage ist eindeutig. Die H\u00f6rnchenpopulation auf dem S\u00fcdfriedhof in Unna ist quirlig unterwegs an einem sonnigen Sonntagmorgen, viele Zapfen h\u00e4ngen an den B\u00e4umen, munteres Knabbern ist schon von weitem zu h\u00f6ren. Und da sind auch schon Bilder von Braunie:<\/p>\n\n\n\n<figure class=\"wp-block-gallery columns-3 is-cropped wp-block-gallery-2 is-layout-flex wp-block-gallery-is-layout-flex\"><ul class=\"blocks-gallery-grid\"><li class=\"blocks-gallery-item\"><figure><a href=\"https:\/\/aktion-eichhoernchen.de\/wp_aktion\/wp-content\/uploads\/2021\/02\/Balkon21_49.jpg\"><img loading=\"lazy\" decoding=\"async\" width=\"800\" height=\"533\" src=\"https:\/\/aktion-eichhoernchen.de\/wp_aktion\/wp-content\/uploads\/2021\/02\/Balkon21_49.jpg\" alt=\"\" data-id=\"696\" data-full-url=\"https:\/\/aktion-eichhoernchen.de\/wp_aktion\/wp-content\/uploads\/2021\/02\/Balkon21_49.jpg\" data-link=\"https:\/\/aktion-eichhoernchen.de\/wp_aktion\/?attachment_id=696\" class=\"wp-image-696\" srcset=\"https:\/\/aktion-eichhoernchen.de\/wp_aktion\/wp-content\/uploads\/2021\/02\/Balkon21_49.jpg 800w, https:\/\/aktion-eichhoernchen.de\/wp_aktion\/wp-content\/uploads\/2021\/02\/Balkon21_49-300x200.jpg 300w, https:\/\/aktion-eichhoernchen.de\/wp_aktion\/wp-content\/uploads\/2021\/02\/Balkon21_49-768x512.jpg 768w, https:\/\/aktion-eichhoernchen.de\/wp_aktion\/wp-content\/uploads\/2021\/02\/Balkon21_49-750x499.jpg 750w, https:\/\/aktion-eichhoernchen.de\/wp_aktion\/wp-content\/uploads\/2021\/02\/Balkon21_49-360x240.jpg 360w\" sizes=\"auto, (max-width: 800px) 100vw, 800px\" \/><\/a><\/figure><\/li><li class=\"blocks-gallery-item\"><figure><a href=\"https:\/\/aktion-eichhoernchen.de\/wp_aktion\/wp-content\/uploads\/2021\/02\/Balkon21_47.jpg\"><img loading=\"lazy\" decoding=\"async\" width=\"800\" height=\"533\" src=\"https:\/\/aktion-eichhoernchen.de\/wp_aktion\/wp-content\/uploads\/2021\/02\/Balkon21_47.jpg\" alt=\"\" data-id=\"695\" data-full-url=\"https:\/\/aktion-eichhoernchen.de\/wp_aktion\/wp-content\/uploads\/2021\/02\/Balkon21_47.jpg\" data-link=\"https:\/\/aktion-eichhoernchen.de\/wp_aktion\/?attachment_id=695\" class=\"wp-image-695\" srcset=\"https:\/\/aktion-eichhoernchen.de\/wp_aktion\/wp-content\/uploads\/2021\/02\/Balkon21_47.jpg 800w, https:\/\/aktion-eichhoernchen.de\/wp_aktion\/wp-content\/uploads\/2021\/02\/Balkon21_47-300x200.jpg 300w, https:\/\/aktion-eichhoernchen.de\/wp_aktion\/wp-content\/uploads\/2021\/02\/Balkon21_47-768x512.jpg 768w, https:\/\/aktion-eichhoernchen.de\/wp_aktion\/wp-content\/uploads\/2021\/02\/Balkon21_47-750x499.jpg 750w, https:\/\/aktion-eichhoernchen.de\/wp_aktion\/wp-content\/uploads\/2021\/02\/Balkon21_47-360x240.jpg 360w\" sizes=\"auto, (max-width: 800px) 100vw, 800px\" \/><\/a><\/figure><\/li><li class=\"blocks-gallery-item\"><figure><a href=\"https:\/\/aktion-eichhoernchen.de\/wp_aktion\/wp-content\/uploads\/2021\/02\/Balkon21_52.jpg\"><img loading=\"lazy\" decoding=\"async\" width=\"800\" height=\"533\" src=\"https:\/\/aktion-eichhoernchen.de\/wp_aktion\/wp-content\/uploads\/2021\/02\/Balkon21_52.jpg\" alt=\"\" data-id=\"697\" data-full-url=\"https:\/\/aktion-eichhoernchen.de\/wp_aktion\/wp-content\/uploads\/2021\/02\/Balkon21_52.jpg\" data-link=\"https:\/\/aktion-eichhoernchen.de\/wp_aktion\/?attachment_id=697\" class=\"wp-image-697\" srcset=\"https:\/\/aktion-eichhoernchen.de\/wp_aktion\/wp-content\/uploads\/2021\/02\/Balkon21_52.jpg 800w, https:\/\/aktion-eichhoernchen.de\/wp_aktion\/wp-content\/uploads\/2021\/02\/Balkon21_52-300x200.jpg 300w, https:\/\/aktion-eichhoernchen.de\/wp_aktion\/wp-content\/uploads\/2021\/02\/Balkon21_52-768x512.jpg 768w, https:\/\/aktion-eichhoernchen.de\/wp_aktion\/wp-content\/uploads\/2021\/02\/Balkon21_52-750x499.jpg 750w, https:\/\/aktion-eichhoernchen.de\/wp_aktion\/wp-content\/uploads\/2021\/02\/Balkon21_52-360x240.jpg 360w\" sizes=\"auto, (max-width: 800px) 100vw, 800px\" \/><\/a><\/figure><\/li><\/ul><\/figure>\n\n\n\n<p>Und &#8211; gro\u00dfe Freude &#8211; auch unser Liebling Knetschie (der Bub mit nur einem Auge) ist wieder aufgetaucht, mehr als sechs Wochen ist die letzte Sichtung schon wieder her, wir hatten ihn eigentlich abgeschrieben, aber er hat den Schnee und die K\u00e4lte gut \u00fcberstanden, er sieht prima aus, wie man hier sehen kann:<\/p>\n\n\n\n<figure class=\"wp-block-gallery columns-2 is-cropped wp-block-gallery-3 is-layout-flex wp-block-gallery-is-layout-flex\"><ul class=\"blocks-gallery-grid\"><li class=\"blocks-gallery-item\"><figure><a href=\"https:\/\/aktion-eichhoernchen.de\/wp_aktion\/wp-content\/uploads\/2021\/02\/Balkon21_59.jpg\"><img loading=\"lazy\" decoding=\"async\" width=\"800\" height=\"533\" src=\"https:\/\/aktion-eichhoernchen.de\/wp_aktion\/wp-content\/uploads\/2021\/02\/Balkon21_59.jpg\" alt=\"\" data-id=\"713\" data-full-url=\"https:\/\/aktion-eichhoernchen.de\/wp_aktion\/wp-content\/uploads\/2021\/02\/Balkon21_59.jpg\" data-link=\"https:\/\/aktion-eichhoernchen.de\/wp_aktion\/?attachment_id=713\" class=\"wp-image-713\" srcset=\"https:\/\/aktion-eichhoernchen.de\/wp_aktion\/wp-content\/uploads\/2021\/02\/Balkon21_59.jpg 800w, https:\/\/aktion-eichhoernchen.de\/wp_aktion\/wp-content\/uploads\/2021\/02\/Balkon21_59-300x200.jpg 300w, https:\/\/aktion-eichhoernchen.de\/wp_aktion\/wp-content\/uploads\/2021\/02\/Balkon21_59-768x512.jpg 768w, https:\/\/aktion-eichhoernchen.de\/wp_aktion\/wp-content\/uploads\/2021\/02\/Balkon21_59-750x499.jpg 750w, https:\/\/aktion-eichhoernchen.de\/wp_aktion\/wp-content\/uploads\/2021\/02\/Balkon21_59-360x240.jpg 360w\" sizes=\"auto, (max-width: 800px) 100vw, 800px\" \/><\/a><\/figure><\/li><li class=\"blocks-gallery-item\"><figure><a href=\"https:\/\/aktion-eichhoernchen.de\/wp_aktion\/wp-content\/uploads\/2021\/02\/Balkon21_54.jpg\"><img loading=\"lazy\" decoding=\"async\" width=\"800\" height=\"533\" src=\"https:\/\/aktion-eichhoernchen.de\/wp_aktion\/wp-content\/uploads\/2021\/02\/Balkon21_54.jpg\" alt=\"\" data-id=\"712\" data-full-url=\"https:\/\/aktion-eichhoernchen.de\/wp_aktion\/wp-content\/uploads\/2021\/02\/Balkon21_54.jpg\" data-link=\"https:\/\/aktion-eichhoernchen.de\/wp_aktion\/?attachment_id=712\" class=\"wp-image-712\" srcset=\"https:\/\/aktion-eichhoernchen.de\/wp_aktion\/wp-content\/uploads\/2021\/02\/Balkon21_54.jpg 800w, https:\/\/aktion-eichhoernchen.de\/wp_aktion\/wp-content\/uploads\/2021\/02\/Balkon21_54-300x200.jpg 300w, https:\/\/aktion-eichhoernchen.de\/wp_aktion\/wp-content\/uploads\/2021\/02\/Balkon21_54-768x512.jpg 768w, https:\/\/aktion-eichhoernchen.de\/wp_aktion\/wp-content\/uploads\/2021\/02\/Balkon21_54-750x499.jpg 750w, https:\/\/aktion-eichhoernchen.de\/wp_aktion\/wp-content\/uploads\/2021\/02\/Balkon21_54-360x240.jpg 360w\" sizes=\"auto, (max-width: 800px) 100vw, 800px\" \/><\/a><\/figure><\/li><\/ul><\/figure>\n\n\n\n<p>Motte im Wildwald findet keine Ruhe, trotz Schnee und Temperaturen um den Gefrierpunkt turnt sie im Gehege herum. Sie frisst t\u00fcchtig, wir haben den Brei mit Vitaminen und anderen guten Zutaten versetzt, motorisch ist sie nicht richtig gut unterwegs, wir m\u00fcssen sie dringend umsiedeln und mehr beobachten, in zwei Monaten soll sie schlie\u00dflich nach M\u00f6glichkeit in den Wald.<\/p>\n\n\n\n<p>Wir haben noch nicht einmal die Mitteilung vom Registergericht in Hamm \u00fcber die Eintragung unseres Vereins bekommen, da trudelt schon eine beh\u00f6rdlich aussehende Rechnung ins Haus, die f\u00fcr die Eintragung in ein dubioses Unternehmensregister 495,- \u20ac netto j\u00e4hrlich haben m\u00f6chte &#8211; wir k\u00f6nnen gar nicht so viel essen, wie wir brechen m\u00f6chten.<\/p>\n\n\n\n<p>Die ersten Eichh\u00f6rnchen trudeln ein &#8211; bei der <a href=\"http:\/\/www.eichhoernchenhilfe-stuttgart.de\/\">Eichh\u00f6rnchenhilfe Stuttgart<\/a> (haben wir jetzt auch im Kasten oben als link, toll, was da geleistet wird) und in Eslohe.<\/p>\n\n\n\n<p>Wir nutzen den spontanen Fr\u00fchlingseinbruch, um das neue Gehege fertig einzurichten, damit Motte dann bald umziehen kann, vielleicht sogar noch an diesem Wochenende.<\/p>\n","protected":false},"excerpt":{"rendered":"<p>Ab sofort kann man die Bilder durch Klick vergr\u00f6\u00dfern&#8230; Die Interessengemeinschaft Hessischer Wildtierpfleger hat eine Notfallbrosch\u00fcre f\u00fcr Wildtierfinder erstellt und bietet sie kostenlos zum download an &#8211; interessant und hilfreich. <a class=\"more-link\" href=\"https:\/\/aktion-eichhoernchen.de\/wp_aktion\/?p=692\">Continue Reading &rarr;<\/a><\/p>\n","protected":false},"author":1,"featured_media":0,"comment_status":"closed","ping_status":"open","sticky":false,"template":"","format":"standard","meta":{"footnotes":""},"categories":[6],"tags":[12,7,14,10,9,13,8],"class_list":["post-692","post","type-post","status-publish","format-standard","hentry","category-eichhoernchen","tag-auswilderung","tag-eichhoernchen","tag-motte","tag-natur","tag-tierschutz","tag-wildschwein","tag-wildwald"],"_links":{"self":[{"href":"https:\/\/aktion-eichhoernchen.de\/wp_aktion\/index.php?rest_route=\/wp\/v2\/posts\/692","targetHints":{"allow":["GET"]}}],"collection":[{"href":"https:\/\/aktion-eichhoernchen.de\/wp_aktion\/index.php?rest_route=\/wp\/v2\/posts"}],"about":[{"href":"https:\/\/aktion-eichhoernchen.de\/wp_aktion\/index.php?rest_route=\/wp\/v2\/types\/post"}],"author":[{"embeddable":true,"href":"https:\/\/aktion-eichhoernchen.de\/wp_aktion\/index.php?rest_route=\/wp\/v2\/users\/1"}],"replies":[{"embeddable":true,"href":"https:\/\/aktion-eichhoernchen.de\/wp_aktion\/index.php?rest_route=%2Fwp%2Fv2%2Fcomments&post=692"}],"version-history":[{"count":10,"href":"https:\/\/aktion-eichhoernchen.de\/wp_aktion\/index.php?rest_route=\/wp\/v2\/posts\/692\/revisions"}],"predecessor-version":[{"id":12278,"href":"https:\/\/aktion-eichhoernchen.de\/wp_aktion\/index.php?rest_route=\/wp\/v2\/posts\/692\/revisions\/12278"}],"wp:attachment":[{"href":"https:\/\/aktion-eichhoernchen.de\/wp_aktion\/index.php?rest_route=%2Fwp%2Fv2%2Fmedia&parent=692"}],"wp:term":[{"taxonomy":"category","embeddable":true,"href":"https:\/\/aktion-eichhoernchen.de\/wp_aktion\/index.php?rest_route=%2Fwp%2Fv2%2Fcategories&post=692"},{"taxonomy":"post_tag","embeddable":true,"href":"https:\/\/aktion-eichhoernchen.de\/wp_aktion\/index.php?rest_route=%2Fwp%2Fv2%2Ftags&post=692"}],"curies":[{"name":"wp","href":"https:\/\/api.w.org\/{rel}","templated":true}]}}