{"id":608,"date":"2021-01-30T08:16:19","date_gmt":"2021-01-30T08:16:19","guid":{"rendered":"https:\/\/aktion-eichhoernchen.de\/wp_aktion\/?p=608"},"modified":"2021-07-21T07:07:11","modified_gmt":"2021-07-21T07:07:11","slug":"30-01-2021","status":"publish","type":"post","link":"https:\/\/aktion-eichhoernchen.de\/wp_aktion\/?p=608","title":{"rendered":"30.01.2021"},"content":{"rendered":"\n<p>Am letzten Wochenende konnten wir unsere Protagonisten im Wildwald nicht supporten, waren dann aber in der Woche trotz des Wetters meistens dort. Motte hat sich definitiv erholt, sieht viel besser aus, scheint auch ordentlich zugelegt zu haben, sie wird grauer (Winterfell), eine Andeutung von P\u00fcscheln w\u00e4chst, sie ist deutlich lebhafter, allerdings motorisch immer noch nicht ganz in der Spur. Wir haben mal ein <a href=\"https:\/\/youtu.be\/i1hu4L_vIp8\" target=\"_blank\" rel=\"noreferrer noopener\">Video<\/a> von der F\u00fctterung online gestellt, l\u00e4uft ca. 21\/2 Minuten. Ein paar Standfotos daraus haben wir auch:<\/p>\n\n\n\n<figure class=\"wp-block-gallery columns-3 is-cropped wp-block-gallery-2 is-layout-flex wp-block-gallery-is-layout-flex\"><ul class=\"blocks-gallery-grid\"><li class=\"blocks-gallery-item\"><figure><a href=\"https:\/\/aktion-eichhoernchen.de\/wp_aktion\/wp-content\/uploads\/2021\/01\/motte3.jpg\"><img loading=\"lazy\" decoding=\"async\" width=\"800\" height=\"450\" src=\"https:\/\/aktion-eichhoernchen.de\/wp_aktion\/wp-content\/uploads\/2021\/01\/motte3.jpg\" alt=\"\" data-id=\"606\" data-full-url=\"https:\/\/aktion-eichhoernchen.de\/wp_aktion\/wp-content\/uploads\/2021\/01\/motte3.jpg\" data-link=\"https:\/\/aktion-eichhoernchen.de\/wp_aktion\/?attachment_id=606\" class=\"wp-image-606\" srcset=\"https:\/\/aktion-eichhoernchen.de\/wp_aktion\/wp-content\/uploads\/2021\/01\/motte3.jpg 800w, https:\/\/aktion-eichhoernchen.de\/wp_aktion\/wp-content\/uploads\/2021\/01\/motte3-300x169.jpg 300w, https:\/\/aktion-eichhoernchen.de\/wp_aktion\/wp-content\/uploads\/2021\/01\/motte3-768x432.jpg 768w\" sizes=\"auto, (max-width: 800px) 100vw, 800px\" \/><\/a><\/figure><\/li><li class=\"blocks-gallery-item\"><figure><a href=\"https:\/\/aktion-eichhoernchen.de\/wp_aktion\/wp-content\/uploads\/2021\/01\/motte2.jpg\"><img loading=\"lazy\" decoding=\"async\" width=\"800\" height=\"450\" src=\"https:\/\/aktion-eichhoernchen.de\/wp_aktion\/wp-content\/uploads\/2021\/01\/motte2.jpg\" alt=\"\" data-id=\"605\" data-full-url=\"https:\/\/aktion-eichhoernchen.de\/wp_aktion\/wp-content\/uploads\/2021\/01\/motte2.jpg\" data-link=\"https:\/\/aktion-eichhoernchen.de\/wp_aktion\/?attachment_id=605\" class=\"wp-image-605\" srcset=\"https:\/\/aktion-eichhoernchen.de\/wp_aktion\/wp-content\/uploads\/2021\/01\/motte2.jpg 800w, https:\/\/aktion-eichhoernchen.de\/wp_aktion\/wp-content\/uploads\/2021\/01\/motte2-300x169.jpg 300w, https:\/\/aktion-eichhoernchen.de\/wp_aktion\/wp-content\/uploads\/2021\/01\/motte2-768x432.jpg 768w\" sizes=\"auto, (max-width: 800px) 100vw, 800px\" \/><\/a><\/figure><\/li><li class=\"blocks-gallery-item\"><figure><a href=\"https:\/\/aktion-eichhoernchen.de\/wp_aktion\/wp-content\/uploads\/2021\/01\/stiftie2.jpg\"><img loading=\"lazy\" decoding=\"async\" width=\"800\" height=\"450\" src=\"https:\/\/aktion-eichhoernchen.de\/wp_aktion\/wp-content\/uploads\/2021\/01\/stiftie2.jpg\" alt=\"\" data-id=\"607\" data-full-url=\"https:\/\/aktion-eichhoernchen.de\/wp_aktion\/wp-content\/uploads\/2021\/01\/stiftie2.jpg\" data-link=\"https:\/\/aktion-eichhoernchen.de\/wp_aktion\/?attachment_id=607\" class=\"wp-image-607\" srcset=\"https:\/\/aktion-eichhoernchen.de\/wp_aktion\/wp-content\/uploads\/2021\/01\/stiftie2.jpg 800w, https:\/\/aktion-eichhoernchen.de\/wp_aktion\/wp-content\/uploads\/2021\/01\/stiftie2-300x169.jpg 300w, https:\/\/aktion-eichhoernchen.de\/wp_aktion\/wp-content\/uploads\/2021\/01\/stiftie2-768x432.jpg 768w\" sizes=\"auto, (max-width: 800px) 100vw, 800px\" \/><\/a><\/figure><\/li><\/ul><\/figure>\n\n\n\n<p>Auf unserem Balkon war die ganze Woche nix los, am Freitag aber lie\u00df sich Braunie mal wieder sehen und schlug sich trotz str\u00f6menden Regens den Bauch voll.<\/p>\n\n\n\n<figure class=\"wp-block-gallery columns-3 is-cropped wp-block-gallery-3 is-layout-flex wp-block-gallery-is-layout-flex\"><ul class=\"blocks-gallery-grid\"><li class=\"blocks-gallery-item\"><figure><a href=\"https:\/\/aktion-eichhoernchen.de\/wp_aktion\/wp-content\/uploads\/2021\/01\/Balkon21_32.jpg\"><img loading=\"lazy\" decoding=\"async\" width=\"800\" height=\"533\" src=\"https:\/\/aktion-eichhoernchen.de\/wp_aktion\/wp-content\/uploads\/2021\/01\/Balkon21_32.jpg\" alt=\"\" data-id=\"603\" data-full-url=\"https:\/\/aktion-eichhoernchen.de\/wp_aktion\/wp-content\/uploads\/2021\/01\/Balkon21_32.jpg\" data-link=\"https:\/\/aktion-eichhoernchen.de\/wp_aktion\/?attachment_id=603\" class=\"wp-image-603\" srcset=\"https:\/\/aktion-eichhoernchen.de\/wp_aktion\/wp-content\/uploads\/2021\/01\/Balkon21_32.jpg 800w, https:\/\/aktion-eichhoernchen.de\/wp_aktion\/wp-content\/uploads\/2021\/01\/Balkon21_32-300x200.jpg 300w, https:\/\/aktion-eichhoernchen.de\/wp_aktion\/wp-content\/uploads\/2021\/01\/Balkon21_32-768x512.jpg 768w, https:\/\/aktion-eichhoernchen.de\/wp_aktion\/wp-content\/uploads\/2021\/01\/Balkon21_32-750x499.jpg 750w, https:\/\/aktion-eichhoernchen.de\/wp_aktion\/wp-content\/uploads\/2021\/01\/Balkon21_32-360x240.jpg 360w\" sizes=\"auto, (max-width: 800px) 100vw, 800px\" \/><\/a><\/figure><\/li><li class=\"blocks-gallery-item\"><figure><a href=\"https:\/\/aktion-eichhoernchen.de\/wp_aktion\/wp-content\/uploads\/2021\/01\/Balkon21_36.jpg\"><img loading=\"lazy\" decoding=\"async\" width=\"800\" height=\"533\" src=\"https:\/\/aktion-eichhoernchen.de\/wp_aktion\/wp-content\/uploads\/2021\/01\/Balkon21_36.jpg\" alt=\"\" data-id=\"610\" data-full-url=\"https:\/\/aktion-eichhoernchen.de\/wp_aktion\/wp-content\/uploads\/2021\/01\/Balkon21_36.jpg\" data-link=\"https:\/\/aktion-eichhoernchen.de\/wp_aktion\/?attachment_id=610\" class=\"wp-image-610\" srcset=\"https:\/\/aktion-eichhoernchen.de\/wp_aktion\/wp-content\/uploads\/2021\/01\/Balkon21_36.jpg 800w, https:\/\/aktion-eichhoernchen.de\/wp_aktion\/wp-content\/uploads\/2021\/01\/Balkon21_36-300x200.jpg 300w, https:\/\/aktion-eichhoernchen.de\/wp_aktion\/wp-content\/uploads\/2021\/01\/Balkon21_36-768x512.jpg 768w, https:\/\/aktion-eichhoernchen.de\/wp_aktion\/wp-content\/uploads\/2021\/01\/Balkon21_36-750x499.jpg 750w, https:\/\/aktion-eichhoernchen.de\/wp_aktion\/wp-content\/uploads\/2021\/01\/Balkon21_36-360x240.jpg 360w\" sizes=\"auto, (max-width: 800px) 100vw, 800px\" \/><\/a><\/figure><\/li><li class=\"blocks-gallery-item\"><figure><a href=\"https:\/\/aktion-eichhoernchen.de\/wp_aktion\/wp-content\/uploads\/2021\/01\/Balkon21_24.jpg\"><img loading=\"lazy\" decoding=\"async\" width=\"800\" height=\"533\" src=\"https:\/\/aktion-eichhoernchen.de\/wp_aktion\/wp-content\/uploads\/2021\/01\/Balkon21_24.jpg\" alt=\"\" data-id=\"602\" data-full-url=\"https:\/\/aktion-eichhoernchen.de\/wp_aktion\/wp-content\/uploads\/2021\/01\/Balkon21_24.jpg\" data-link=\"https:\/\/aktion-eichhoernchen.de\/wp_aktion\/?attachment_id=602\" class=\"wp-image-602\" srcset=\"https:\/\/aktion-eichhoernchen.de\/wp_aktion\/wp-content\/uploads\/2021\/01\/Balkon21_24.jpg 800w, https:\/\/aktion-eichhoernchen.de\/wp_aktion\/wp-content\/uploads\/2021\/01\/Balkon21_24-300x200.jpg 300w, https:\/\/aktion-eichhoernchen.de\/wp_aktion\/wp-content\/uploads\/2021\/01\/Balkon21_24-768x512.jpg 768w, https:\/\/aktion-eichhoernchen.de\/wp_aktion\/wp-content\/uploads\/2021\/01\/Balkon21_24-750x499.jpg 750w, https:\/\/aktion-eichhoernchen.de\/wp_aktion\/wp-content\/uploads\/2021\/01\/Balkon21_24-360x240.jpg 360w\" sizes=\"auto, (max-width: 800px) 100vw, 800px\" \/><\/a><\/figure><\/li><\/ul><\/figure>\n\n\n\n<p>Mit Freude registrieren wir, dass doch schon einige Mitmenschen Eichh\u00f6rnchen in ihrer Umgebung wahrnehmen und f\u00fcttern, unter unseren sozialen Kontakten gibts eine Menge feedback und auch schon mal R\u00fcckfragen.<br>In der ARD-Mediathek gab es eine tolle Doku zum Thema &#8222;Das geheime Leben der Rothirsche&#8220; und auch das &#8222;making-of&#8220; dazu, tolle Bilder, nicht ganz unser Thema, aber passt zum &#8222;Leben im Wald&#8220;. Die Ausstrahlung vergangenen Montag wurde gestrichen wegen einer Handball\u00fcbertragung, wenn der Film gezeigt wird&#8230;merken, lohnt sich!<br>In der Berliner Zeitung steht ein toller <a rel=\"noreferrer noopener\" href=\"https:\/\/www.berliner-zeitung.de\/mensch-metropole\/tierschuetzerin-warnt-eichhoernchen-sind-in-gefahr-li.135692\" target=\"_blank\">Artikel<\/a> zum Thema &#8222;Eichh\u00f6rnchen in Not&#8220;, dort wurde Tanya Lenn interviewt, die seit vielen Jahren bewunderungsw\u00fcrdige tolle Arbeit dort macht (www.eichhoernchenhilfe-berlin.de, die Seite ist im Moment leider nicht zu erreichen), \u00fcberhaupt ist in Berlin in Punkto Eichh\u00f6rnchen einiges los, z.B. auch diese <a rel=\"noreferrer noopener\" href=\"https:\/\/www.tagesspiegel.de\/mediacenter\/fotostrecken\/berlin\/wildes-berlin-eichhoernchen-in-berlin\/20258760.html\" target=\"_blank\">Fotostrecke<\/a> mit Bildern von Berliner Eichh\u00f6rnchen. Faszinierend finden wir immer den Fahrdienst, den Berliner H\u00f6rnchensch\u00fctzer \u00fcber facebook organisieren, wenn es darum geht, ein H\u00f6rnchen von einem Stadtteil in den anderen zu bringen.<br><br>Die Umstellung dieser Seite auf WordPress steht unmittelbar bevor, es k\u00f6nnte sein, dass nach der Ver\u00f6ffentlichung links nicht mehr funktionieren&#8230;bitte dann noch mal \u00fcber <a href=\"https:\/\/www.aktion-eichhoernchen.de\">www.aktion-eichhoernchen.de<\/a> aufrufen und die links neu setzen.<\/p>\n","protected":false},"excerpt":{"rendered":"<p>Am letzten Wochenende konnten wir unsere Protagonisten im Wildwald nicht supporten, waren dann aber in der Woche trotz des Wetters meistens dort. Motte hat sich definitiv erholt, sieht viel besser <a class=\"more-link\" href=\"https:\/\/aktion-eichhoernchen.de\/wp_aktion\/?p=608\">Continue Reading &rarr;<\/a><\/p>\n","protected":false},"author":1,"featured_media":0,"comment_status":"closed","ping_status":"open","sticky":false,"template":"","format":"standard","meta":{"footnotes":""},"categories":[6],"tags":[7,10,9,8],"class_list":["post-608","post","type-post","status-publish","format-standard","hentry","category-eichhoernchen","tag-eichhoernchen","tag-natur","tag-tierschutz","tag-wildwald"],"_links":{"self":[{"href":"https:\/\/aktion-eichhoernchen.de\/wp_aktion\/index.php?rest_route=\/wp\/v2\/posts\/608","targetHints":{"allow":["GET"]}}],"collection":[{"href":"https:\/\/aktion-eichhoernchen.de\/wp_aktion\/index.php?rest_route=\/wp\/v2\/posts"}],"about":[{"href":"https:\/\/aktion-eichhoernchen.de\/wp_aktion\/index.php?rest_route=\/wp\/v2\/types\/post"}],"author":[{"embeddable":true,"href":"https:\/\/aktion-eichhoernchen.de\/wp_aktion\/index.php?rest_route=\/wp\/v2\/users\/1"}],"replies":[{"embeddable":true,"href":"https:\/\/aktion-eichhoernchen.de\/wp_aktion\/index.php?rest_route=%2Fwp%2Fv2%2Fcomments&post=608"}],"version-history":[{"count":5,"href":"https:\/\/aktion-eichhoernchen.de\/wp_aktion\/index.php?rest_route=\/wp\/v2\/posts\/608\/revisions"}],"predecessor-version":[{"id":1783,"href":"https:\/\/aktion-eichhoernchen.de\/wp_aktion\/index.php?rest_route=\/wp\/v2\/posts\/608\/revisions\/1783"}],"wp:attachment":[{"href":"https:\/\/aktion-eichhoernchen.de\/wp_aktion\/index.php?rest_route=%2Fwp%2Fv2%2Fmedia&parent=608"}],"wp:term":[{"taxonomy":"category","embeddable":true,"href":"https:\/\/aktion-eichhoernchen.de\/wp_aktion\/index.php?rest_route=%2Fwp%2Fv2%2Fcategories&post=608"},{"taxonomy":"post_tag","embeddable":true,"href":"https:\/\/aktion-eichhoernchen.de\/wp_aktion\/index.php?rest_route=%2Fwp%2Fv2%2Ftags&post=608"}],"curies":[{"name":"wp","href":"https:\/\/api.w.org\/{rel}","templated":true}]}}