{"id":13232,"date":"2026-05-01T20:17:00","date_gmt":"2026-05-01T20:17:00","guid":{"rendered":"https:\/\/aktion-eichhoernchen.de\/wp_aktion\/?p=13232"},"modified":"2026-05-01T20:18:38","modified_gmt":"2026-05-01T20:18:38","slug":"01-05-2026","status":"publish","type":"post","link":"https:\/\/aktion-eichhoernchen.de\/wp_aktion\/?p=13232","title":{"rendered":"01.05.2026"},"content":{"rendered":"\n<p><strong>Jaan&amp; ICH, ein fiktives Gespr\u00e4ch, das auf Verhaltensstatsachen beruht &#8230;<\/strong><\/p>\n\n\n\n<p>Jaan: &#8220; Warum bist du so traurig?&#8220;<\/p>\n\n\n\n<p>ICH: &#8222;Morgen verlassen uns Amy, Fridolin und Frodo in Richtung Wildwald!&#8220;<\/p>\n\n\n\n<p>Jaan: &#8222;Aber das ist doch toll, sie haben es geschafft, sie hatten alle 3 W\u00fcrmer, sind jetzt top fit!&#8220;<\/p>\n\n\n\n<p>ICH: &#8222;Aber haben sie alles gelernt? Sind sie fit f\u00fcr drau\u00dfen? Geht es ihnen wirklich gut?&#8220;<\/p>\n\n\n\n<p>Jaan: &#8220; Sie haben doch noch Zeit, sich an &#8222;drau\u00dfen&#8220; zu gew\u00f6hnen. Du und Claudi habt heute das Gehege fertig gemacht, sie werden sich \u00fcber den Platz freuen, mitten unter den B\u00e4umen, in der Natur mit Kobel, Futter und Wasser, eine neue Erfahrung, direkt hinter der Waldschule!&#8220;<\/p>\n\n\n\n<p>ICH. &#8220; Ja, und trotzdem bin ich unsicher. Es sind immer die ersten H\u00f6rnchen, die im Jahr &#8222;ausziehen&#8220; und die letzten H\u00f6rnchen, die im Jahr &#8222;ausziehen&#8220;, da f\u00fchlt man sich nicht gut, traurig, alleingelassen oder vielmehr, man l\u00e4sst seine H\u00f6rnchen alleine!&#8220;<\/p>\n\n\n\n<p>Jaan: &#8222;Aber ich bin doch noch hier, schau, wie gerne ich mit dir Bl\u00f6dsinn mache und freue mich, wenn du ins Zimmer kommst!&#8220;<\/p>\n\n\n\n<p>ICH: &#8222;Ja, aber f\u00fcr dich hei\u00dft es ja auch bald Abschied nehmen &#8230;!&#8220;<\/p>\n\n\n\n<p>Jaan: &#8220; Ja, aber das ist nunmal der Weg! Ich freue mich auf drau\u00dfen &#8230;. vor allem, wenn ich nicht alleine ziehen muss, sondern viele Freunde mitnehmen darf!&#8220;<\/p>\n\n\n\n<p>&#8230; Jann kuschelte sich ein paar wenige Minuten in meine Hand und verzog sich in ihren Stoffkobel &#8230;. <\/p>\n","protected":false},"excerpt":{"rendered":"<p>Jaan&amp; ICH, ein fiktives Gespr\u00e4ch, das auf Verhaltensstatsachen beruht &#8230; Jaan: &#8220; Warum bist du so traurig?&#8220; ICH: &#8222;Morgen verlassen uns Amy, Fridolin und Frodo in Richtung Wildwald!&#8220; Jaan: &#8222;Aber <a class=\"more-link\" href=\"https:\/\/aktion-eichhoernchen.de\/wp_aktion\/?p=13232\">Continue Reading &rarr;<\/a><\/p>\n","protected":false},"author":1,"featured_media":0,"comment_status":"closed","ping_status":"open","sticky":false,"template":"","format":"standard","meta":{"footnotes":""},"categories":[6],"tags":[],"class_list":["post-13232","post","type-post","status-publish","format-standard","hentry","category-eichhoernchen"],"_links":{"self":[{"href":"https:\/\/aktion-eichhoernchen.de\/wp_aktion\/index.php?rest_route=\/wp\/v2\/posts\/13232","targetHints":{"allow":["GET"]}}],"collection":[{"href":"https:\/\/aktion-eichhoernchen.de\/wp_aktion\/index.php?rest_route=\/wp\/v2\/posts"}],"about":[{"href":"https:\/\/aktion-eichhoernchen.de\/wp_aktion\/index.php?rest_route=\/wp\/v2\/types\/post"}],"author":[{"embeddable":true,"href":"https:\/\/aktion-eichhoernchen.de\/wp_aktion\/index.php?rest_route=\/wp\/v2\/users\/1"}],"replies":[{"embeddable":true,"href":"https:\/\/aktion-eichhoernchen.de\/wp_aktion\/index.php?rest_route=%2Fwp%2Fv2%2Fcomments&post=13232"}],"version-history":[{"count":1,"href":"https:\/\/aktion-eichhoernchen.de\/wp_aktion\/index.php?rest_route=\/wp\/v2\/posts\/13232\/revisions"}],"predecessor-version":[{"id":13233,"href":"https:\/\/aktion-eichhoernchen.de\/wp_aktion\/index.php?rest_route=\/wp\/v2\/posts\/13232\/revisions\/13233"}],"wp:attachment":[{"href":"https:\/\/aktion-eichhoernchen.de\/wp_aktion\/index.php?rest_route=%2Fwp%2Fv2%2Fmedia&parent=13232"}],"wp:term":[{"taxonomy":"category","embeddable":true,"href":"https:\/\/aktion-eichhoernchen.de\/wp_aktion\/index.php?rest_route=%2Fwp%2Fv2%2Fcategories&post=13232"},{"taxonomy":"post_tag","embeddable":true,"href":"https:\/\/aktion-eichhoernchen.de\/wp_aktion\/index.php?rest_route=%2Fwp%2Fv2%2Ftags&post=13232"}],"curies":[{"name":"wp","href":"https:\/\/api.w.org\/{rel}","templated":true}]}}