{"id":13206,"date":"2026-04-29T15:42:30","date_gmt":"2026-04-29T15:42:30","guid":{"rendered":"https:\/\/aktion-eichhoernchen.de\/wp_aktion\/?p=13206"},"modified":"2026-04-29T15:57:26","modified_gmt":"2026-04-29T15:57:26","slug":"29-04-2026","status":"publish","type":"post","link":"https:\/\/aktion-eichhoernchen.de\/wp_aktion\/?p=13206","title":{"rendered":"29.04.2026"},"content":{"rendered":"\n<p><strong>.. ein ungew\u00f6hnlicher Tag &#8230;<\/strong><\/p>\n\n\n\n<p>Die beiden Eichh\u00f6rnchen sind erwartungsgem\u00e4\u00df in der Nacht verstorben, gemeinsam in ihrer Box eingeschlafen. Es tut mir so leid, dass ich euch nicht mehr helfen konnte!<\/p>\n\n\n<div class=\"wp-block-image\">\n<figure class=\"aligncenter size-full\"><img loading=\"lazy\" decoding=\"async\" width=\"450\" height=\"600\" src=\"https:\/\/aktion-eichhoernchen.de\/wp_aktion\/wp-content\/uploads\/2026\/04\/26_0002090_Vig.jpg\" alt=\"\" class=\"wp-image-13208\" srcset=\"https:\/\/aktion-eichhoernchen.de\/wp_aktion\/wp-content\/uploads\/2026\/04\/26_0002090_Vig.jpg 450w, https:\/\/aktion-eichhoernchen.de\/wp_aktion\/wp-content\/uploads\/2026\/04\/26_0002090_Vig-225x300.jpg 225w\" sizes=\"auto, (max-width: 450px) 100vw, 450px\" \/><\/figure>\n<\/div>\n\n\n<p>Der <strong>Feldhase<\/strong> hat es leider auch nicht geschafft. Aber, es besteht die Gefahr, dass er z.B. Tular\u00e4mie hatte &#8230; deshalb habe ich hier bei mir am Stellplatz des K\u00e4figs, im G\u00e4steWC, ab 5.30 Uhr das &#8222;Ozon-Ger\u00e4t&#8220; gestartet: alles so gut es geht abgedichtet und los geht es&#8230;.Stand 17.30 Uhr ==> puh, das ist immer noch ein &#8222;bei\u00dfender&#8220; Geruch, muss warten, bis ich da wieder die T\u00fcr aufmache &#8230;<\/p>\n\n\n\n<figure class=\"wp-block-gallery has-nested-images columns-default is-cropped wp-block-gallery-2 is-layout-flex wp-block-gallery-is-layout-flex\">\n<figure class=\"wp-block-image size-large\"><img loading=\"lazy\" decoding=\"async\" width=\"450\" height=\"600\" data-id=\"13207\" src=\"https:\/\/aktion-eichhoernchen.de\/wp_aktion\/wp-content\/uploads\/2026\/04\/26_0002097.jpg\" alt=\"\" class=\"wp-image-13207\" srcset=\"https:\/\/aktion-eichhoernchen.de\/wp_aktion\/wp-content\/uploads\/2026\/04\/26_0002097.jpg 450w, https:\/\/aktion-eichhoernchen.de\/wp_aktion\/wp-content\/uploads\/2026\/04\/26_0002097-225x300.jpg 225w\" sizes=\"auto, (max-width: 450px) 100vw, 450px\" \/><\/figure>\n<\/figure>\n\n\n\n<p>Meine TA habe ich auch schon um 5 Uhr \u00fcber den Tod informiert (ansonsten h\u00e4tte sie unter den ensprechenden Hygienema\u00dfnahmen den Hasen euthanasiert), dazu auch das VetAmt in Hamm, wo der Hase gefunden wurde und das VetAmt in Unna, wo der Hase aktuell war. Super schnelle Reaktionen und dann flogen nur so die Mails zwischen VetAmt Hamm und VetAmt Unna so daher. Im Endeffekt: ich sollte bis 12.20 Uhr das H\u00e4schen in die Platanenallee zum Gesundheitsamt in Unna bringen, denn von dort startet der Kurier zum CVUA Arnsberg. Passte von der Zeit nat\u00fcrlich super, direkt in der Mittagspause.<\/p>\n\n\n\n<p>Wie geht es jetzt weiter? Das H\u00e4schen wird dort nach der Todesursache untersucht: Tular\u00e4mie, Rattengift etc&#8230; und dann folgen die weiteren Schritte. Ich, wie auch die Finderin, werden entsprechend vom CVUA informiert, denn die Ansteckung von Tular\u00e4mie (Zoonose!) will keiner haben, von dem abgesehen ist Tular\u00e4mie eine anzeigepflichtige Krankheit! Hier hei\u00dft es jetzt abwarten!<\/p>\n\n\n\n<p>Und, hier seien auch mal lobende Worte erlaubt: sowohl das VetAmt in Hamm wie auch in Unna waren super hilfsbereit. Es gab viel Lob f\u00fcr mein Handeln und das meiner TA, den ein oder anderen Kritikpunkt aber auch, quasi, was man h\u00e4tte besser machen k\u00f6nnen. Nehme ich sehr gerne an! Aber, es steht immer der Eigenschutz im Vordergrund und der war gew\u00e4hrleistet! Danke an die beiden Veterin\u00e4r\u00e4mter, auch f\u00fcr die &#8222;unkomplizierte&#8220; \u00dcbergabe des H\u00e4schens!<\/p>\n\n\n\n<p>Und, noch was &#8222;Positives&#8220; zum Abschluss: kaum sind die H\u00f6rnchen aus dem Auswilderungsgehege in Husen &#8222;ausgezogen&#8220;, kommen die Rehe in den Garten! Tolle Schnappsch\u00fcsse, danke an Susanne!!!<\/p>\n\n\n\n<figure class=\"wp-block-gallery has-nested-images columns-default is-cropped wp-block-gallery-3 is-layout-flex wp-block-gallery-is-layout-flex\">\n<figure class=\"wp-block-image size-large\"><a href=\"https:\/\/aktion-eichhoernchen.de\/wp_aktion\/wp-content\/uploads\/2026\/04\/374ffa4ab47846ecb45fdc5cddcd5865.jpg\" target=\"_blank\"><img loading=\"lazy\" decoding=\"async\" width=\"768\" height=\"1024\" data-id=\"13211\" src=\"https:\/\/aktion-eichhoernchen.de\/wp_aktion\/wp-content\/uploads\/2026\/04\/374ffa4ab47846ecb45fdc5cddcd5865-768x1024.jpg\" alt=\"\" class=\"wp-image-13211\" srcset=\"https:\/\/aktion-eichhoernchen.de\/wp_aktion\/wp-content\/uploads\/2026\/04\/374ffa4ab47846ecb45fdc5cddcd5865-768x1024.jpg 768w, https:\/\/aktion-eichhoernchen.de\/wp_aktion\/wp-content\/uploads\/2026\/04\/374ffa4ab47846ecb45fdc5cddcd5865-225x300.jpg 225w, https:\/\/aktion-eichhoernchen.de\/wp_aktion\/wp-content\/uploads\/2026\/04\/374ffa4ab47846ecb45fdc5cddcd5865-1152x1536.jpg 1152w, https:\/\/aktion-eichhoernchen.de\/wp_aktion\/wp-content\/uploads\/2026\/04\/374ffa4ab47846ecb45fdc5cddcd5865.jpg 1500w\" sizes=\"auto, (max-width: 768px) 100vw, 768px\" \/><\/a><figcaption class=\"wp-element-caption\">\u00a9 Susanne<\/figcaption><\/figure>\n\n\n\n<figure class=\"wp-block-image size-large\"><a href=\"https:\/\/aktion-eichhoernchen.de\/wp_aktion\/wp-content\/uploads\/2026\/04\/977b2453bac34f3ca1ef2aad8c5ad76e.jpg\" target=\"_blank\"><img loading=\"lazy\" decoding=\"async\" width=\"768\" height=\"1024\" data-id=\"13212\" src=\"https:\/\/aktion-eichhoernchen.de\/wp_aktion\/wp-content\/uploads\/2026\/04\/977b2453bac34f3ca1ef2aad8c5ad76e-768x1024.jpg\" alt=\"\" class=\"wp-image-13212\" srcset=\"https:\/\/aktion-eichhoernchen.de\/wp_aktion\/wp-content\/uploads\/2026\/04\/977b2453bac34f3ca1ef2aad8c5ad76e-768x1024.jpg 768w, https:\/\/aktion-eichhoernchen.de\/wp_aktion\/wp-content\/uploads\/2026\/04\/977b2453bac34f3ca1ef2aad8c5ad76e-225x300.jpg 225w, https:\/\/aktion-eichhoernchen.de\/wp_aktion\/wp-content\/uploads\/2026\/04\/977b2453bac34f3ca1ef2aad8c5ad76e-1152x1536.jpg 1152w, https:\/\/aktion-eichhoernchen.de\/wp_aktion\/wp-content\/uploads\/2026\/04\/977b2453bac34f3ca1ef2aad8c5ad76e.jpg 1500w\" sizes=\"auto, (max-width: 768px) 100vw, 768px\" \/><\/a><figcaption class=\"wp-element-caption\">\u00a9 Susanne<\/figcaption><\/figure>\n<\/figure>\n\n\n\n<p>Hm, wie kommen die da rein? Springen die \u00fcber das Gartentor? Respekt!<\/p>\n","protected":false},"excerpt":{"rendered":"<p>.. ein ungew\u00f6hnlicher Tag &#8230; Die beiden Eichh\u00f6rnchen sind erwartungsgem\u00e4\u00df in der Nacht verstorben, gemeinsam in ihrer Box eingeschlafen. Es tut mir so leid, dass ich euch nicht mehr helfen <a class=\"more-link\" href=\"https:\/\/aktion-eichhoernchen.de\/wp_aktion\/?p=13206\">Continue Reading &rarr;<\/a><\/p>\n","protected":false},"author":1,"featured_media":0,"comment_status":"closed","ping_status":"open","sticky":false,"template":"","format":"standard","meta":{"footnotes":""},"categories":[6],"tags":[],"class_list":["post-13206","post","type-post","status-publish","format-standard","hentry","category-eichhoernchen"],"_links":{"self":[{"href":"https:\/\/aktion-eichhoernchen.de\/wp_aktion\/index.php?rest_route=\/wp\/v2\/posts\/13206","targetHints":{"allow":["GET"]}}],"collection":[{"href":"https:\/\/aktion-eichhoernchen.de\/wp_aktion\/index.php?rest_route=\/wp\/v2\/posts"}],"about":[{"href":"https:\/\/aktion-eichhoernchen.de\/wp_aktion\/index.php?rest_route=\/wp\/v2\/types\/post"}],"author":[{"embeddable":true,"href":"https:\/\/aktion-eichhoernchen.de\/wp_aktion\/index.php?rest_route=\/wp\/v2\/users\/1"}],"replies":[{"embeddable":true,"href":"https:\/\/aktion-eichhoernchen.de\/wp_aktion\/index.php?rest_route=%2Fwp%2Fv2%2Fcomments&post=13206"}],"version-history":[{"count":4,"href":"https:\/\/aktion-eichhoernchen.de\/wp_aktion\/index.php?rest_route=\/wp\/v2\/posts\/13206\/revisions"}],"predecessor-version":[{"id":13215,"href":"https:\/\/aktion-eichhoernchen.de\/wp_aktion\/index.php?rest_route=\/wp\/v2\/posts\/13206\/revisions\/13215"}],"wp:attachment":[{"href":"https:\/\/aktion-eichhoernchen.de\/wp_aktion\/index.php?rest_route=%2Fwp%2Fv2%2Fmedia&parent=13206"}],"wp:term":[{"taxonomy":"category","embeddable":true,"href":"https:\/\/aktion-eichhoernchen.de\/wp_aktion\/index.php?rest_route=%2Fwp%2Fv2%2Fcategories&post=13206"},{"taxonomy":"post_tag","embeddable":true,"href":"https:\/\/aktion-eichhoernchen.de\/wp_aktion\/index.php?rest_route=%2Fwp%2Fv2%2Ftags&post=13206"}],"curies":[{"name":"wp","href":"https:\/\/api.w.org\/{rel}","templated":true}]}}