{"id":13197,"date":"2026-04-28T20:11:39","date_gmt":"2026-04-28T20:11:39","guid":{"rendered":"https:\/\/aktion-eichhoernchen.de\/wp_aktion\/?p=13197"},"modified":"2026-04-28T20:17:39","modified_gmt":"2026-04-28T20:17:39","slug":"28-04-2026","status":"publish","type":"post","link":"https:\/\/aktion-eichhoernchen.de\/wp_aktion\/?p=13197","title":{"rendered":"28.04.2026"},"content":{"rendered":"\n<p><strong>Was f\u00fcr ein besch &#8230;. Abend&#8230;<\/strong><\/p>\n\n\n\n<p>Sorry f\u00fcr den Ausdruck, aber der musste jetzt mal symbolisch sein. <\/p>\n\n\n\n<p>2 Eichh\u00f6rnchen, die hier leider schon in Schnappatmung zu mir angeliefert worden sind. Keine Chance, da kommt jede Hilfe zu sp\u00e4t. Obwohl es keine Geschwister waren und sie in einem kurzen Abstand hier ankamen, habe ich sie zusammen in meine &#8222;Kuschelbox&#8220; gelegt, wo sie in Ruhe \u00fcber die Regenbogenbr\u00fccke gehen k\u00f6nnen. Schade um jedes Eichh\u00f6rnchen, aber sie waren beide so &#8222;klapperd\u00fcrr&#8220;, die Pfotenballen wei\u00df und nicht rosa, gut durchblutet &#8230; Macht es gut ihr Beiden, ihr hattet einen denkbar schlechten Start! Es tut so weh, den &#8222;angelieferten&#8220; Tieren nicht mehr helfen zu k\u00f6nnen. <\/p>\n\n\n<div class=\"wp-block-image\">\n<figure class=\"aligncenter size-full\"><img loading=\"lazy\" decoding=\"async\" width=\"450\" height=\"600\" src=\"https:\/\/aktion-eichhoernchen.de\/wp_aktion\/wp-content\/uploads\/2026\/04\/26_0002090.jpg\" alt=\"\" class=\"wp-image-13199\" srcset=\"https:\/\/aktion-eichhoernchen.de\/wp_aktion\/wp-content\/uploads\/2026\/04\/26_0002090.jpg 450w, https:\/\/aktion-eichhoernchen.de\/wp_aktion\/wp-content\/uploads\/2026\/04\/26_0002090-225x300.jpg 225w\" sizes=\"auto, (max-width: 450px) 100vw, 450px\" \/><\/figure>\n<\/div>\n\n\n<p>Und dann kam dann noch die <strong>&#8222;Fehlbelegung&#8220;;<\/strong> die Finderin aus Hamm, verletzter Feldhase, schlimm verletzt durch eine Elster, er hatte aber auch schon vorher neurologische Ausf\u00e4lle. Da l\u00e4uten die Alarmglocken. Sie hat keine TA-Praxis in Hamm und Unna gefunden, die das Tier untersuchen\/behandeln wollten! In ihrer Not rief sie hier an. Wir haben noch 1 Stunde was versucht, keine Chance, also dann hierher. Die Fellnase sieht wirklich schlimm aus. <\/p>\n\n\n\n<figure class=\"wp-block-gallery has-nested-images columns-default is-cropped wp-block-gallery-2 is-layout-flex wp-block-gallery-is-layout-flex\">\n<figure class=\"wp-block-image size-large\"><img loading=\"lazy\" decoding=\"async\" width=\"450\" height=\"600\" data-id=\"13200\" src=\"https:\/\/aktion-eichhoernchen.de\/wp_aktion\/wp-content\/uploads\/2026\/04\/26_0002091.jpg\" alt=\"\" class=\"wp-image-13200\" srcset=\"https:\/\/aktion-eichhoernchen.de\/wp_aktion\/wp-content\/uploads\/2026\/04\/26_0002091.jpg 450w, https:\/\/aktion-eichhoernchen.de\/wp_aktion\/wp-content\/uploads\/2026\/04\/26_0002091-225x300.jpg 225w\" sizes=\"auto, (max-width: 450px) 100vw, 450px\" \/><\/figure>\n\n\n\n<figure class=\"wp-block-image size-large\"><img loading=\"lazy\" decoding=\"async\" width=\"450\" height=\"600\" data-id=\"13201\" src=\"https:\/\/aktion-eichhoernchen.de\/wp_aktion\/wp-content\/uploads\/2026\/04\/26_0002092.jpg\" alt=\"\" class=\"wp-image-13201\" srcset=\"https:\/\/aktion-eichhoernchen.de\/wp_aktion\/wp-content\/uploads\/2026\/04\/26_0002092.jpg 450w, https:\/\/aktion-eichhoernchen.de\/wp_aktion\/wp-content\/uploads\/2026\/04\/26_0002092-225x300.jpg 225w\" sizes=\"auto, (max-width: 450px) 100vw, 450px\" \/><\/figure>\n\n\n\n<figure class=\"wp-block-image size-large\"><img loading=\"lazy\" decoding=\"async\" width=\"450\" height=\"600\" data-id=\"13202\" src=\"https:\/\/aktion-eichhoernchen.de\/wp_aktion\/wp-content\/uploads\/2026\/04\/26_0002093.jpg\" alt=\"\" class=\"wp-image-13202\" srcset=\"https:\/\/aktion-eichhoernchen.de\/wp_aktion\/wp-content\/uploads\/2026\/04\/26_0002093.jpg 450w, https:\/\/aktion-eichhoernchen.de\/wp_aktion\/wp-content\/uploads\/2026\/04\/26_0002093-225x300.jpg 225w\" sizes=\"auto, (max-width: 450px) 100vw, 450px\" \/><\/figure>\n<\/figure>\n\n\n\n<p>Ich habe die Wunden gesp\u00fclt, ihn mit Schmerzmittel versorgt und meine &#8222;Lieblings-TA&#8220; in Holzwickede per Mail informiert, war ja schon weit au\u00dferhalb der \u00d6ffnungszeiten. Sie hat sich nat\u00fcrlich noch gemeldet. Erh\u00f6hte Vorsicht, k\u00f6nnte auch Tular\u00e4mie sein, die als Zoonose auf den Menschen \u00fcbertragbar ist. Der Kleine steht im G\u00e4steWC, v\u00f6llig abgeschottet. Sollte er die Nacht \u00fcberleben, kann ich morgen ab 8 Uhr zu ihr kommen und wir entscheiden mit &#8222;Mundschutz&#8220; und allem was zu tun ist. Definitiv wird er dann aber nach Arnsberg zum CVUA gehen. <\/p>\n\n\n\n<p>Ich finde es gro\u00dfartig, wie meine TA in Holzwickede handelt und unm\u00f6glich, dass Finder von Wildtieren &#8222;stundenlang&#8220; nach einem TA suchen m\u00fcssen und wenn es auch nur um die Euthanasie eines leidenden Wildtieres geht. Habe ich definitiv kein Verst\u00e4ndnis daf\u00fcr! Deshalb, ein ganz gro\u00dfes Dankesch\u00f6n an Anke Schweigart in Holzwickede!!!!<\/p>\n\n\n\n<p>Noch was Positives zum Abschluss:<\/p>\n\n\n\n<p>Bitte diesen Beitrag so weit wie m\u00f6glich teilen. Christian Ehrlich macht tolle, fundierte Beitr\u00e4ge, hat sehr viele Ideen f\u00fcr Gartenbesitzer, schaut einfach mal rein:<\/p>\n\n\n\n<p><a href=\"https:\/\/www.zdfheute.de\/ratgeber\/tierschutz-wildtiere-voegel-igel-fuchs-im-garten-100.html?at_medium=Social%20Media&amp;at_campaign=ZDFheuteApp&amp;at_specific=ZDFheute&amp;at_content=iOS\">https:\/\/www.zdfheute.de\/ratgeber\/tierschutz-wildtiere-voegel-igel-fuchs-im-garten-100.html?at_medium=Social%20Media&amp;at_campaign=ZDFheuteApp&amp;at_specific=ZDFheute&amp;at_content=iOS<\/a><\/p>\n","protected":false},"excerpt":{"rendered":"<p>Was f\u00fcr ein besch &#8230;. Abend&#8230; Sorry f\u00fcr den Ausdruck, aber der musste jetzt mal symbolisch sein. 2 Eichh\u00f6rnchen, die hier leider schon in Schnappatmung zu mir angeliefert worden sind. <a class=\"more-link\" href=\"https:\/\/aktion-eichhoernchen.de\/wp_aktion\/?p=13197\">Continue Reading &rarr;<\/a><\/p>\n","protected":false},"author":1,"featured_media":0,"comment_status":"closed","ping_status":"open","sticky":false,"template":"","format":"standard","meta":{"footnotes":""},"categories":[6],"tags":[],"class_list":["post-13197","post","type-post","status-publish","format-standard","hentry","category-eichhoernchen"],"_links":{"self":[{"href":"https:\/\/aktion-eichhoernchen.de\/wp_aktion\/index.php?rest_route=\/wp\/v2\/posts\/13197","targetHints":{"allow":["GET"]}}],"collection":[{"href":"https:\/\/aktion-eichhoernchen.de\/wp_aktion\/index.php?rest_route=\/wp\/v2\/posts"}],"about":[{"href":"https:\/\/aktion-eichhoernchen.de\/wp_aktion\/index.php?rest_route=\/wp\/v2\/types\/post"}],"author":[{"embeddable":true,"href":"https:\/\/aktion-eichhoernchen.de\/wp_aktion\/index.php?rest_route=\/wp\/v2\/users\/1"}],"replies":[{"embeddable":true,"href":"https:\/\/aktion-eichhoernchen.de\/wp_aktion\/index.php?rest_route=%2Fwp%2Fv2%2Fcomments&post=13197"}],"version-history":[{"count":3,"href":"https:\/\/aktion-eichhoernchen.de\/wp_aktion\/index.php?rest_route=\/wp\/v2\/posts\/13197\/revisions"}],"predecessor-version":[{"id":13205,"href":"https:\/\/aktion-eichhoernchen.de\/wp_aktion\/index.php?rest_route=\/wp\/v2\/posts\/13197\/revisions\/13205"}],"wp:attachment":[{"href":"https:\/\/aktion-eichhoernchen.de\/wp_aktion\/index.php?rest_route=%2Fwp%2Fv2%2Fmedia&parent=13197"}],"wp:term":[{"taxonomy":"category","embeddable":true,"href":"https:\/\/aktion-eichhoernchen.de\/wp_aktion\/index.php?rest_route=%2Fwp%2Fv2%2Fcategories&post=13197"},{"taxonomy":"post_tag","embeddable":true,"href":"https:\/\/aktion-eichhoernchen.de\/wp_aktion\/index.php?rest_route=%2Fwp%2Fv2%2Ftags&post=13197"}],"curies":[{"name":"wp","href":"https:\/\/api.w.org\/{rel}","templated":true}]}}